{"id":10650,"date":"2025-04-17T11:00:00","date_gmt":"2025-04-17T11:00:00","guid":{"rendered":"https:\/\/busgarraf.cat\/?p=10650"},"modified":"2025-04-14T15:27:02","modified_gmt":"2025-04-14T15:27:02","slug":"busgarraf-te-lleva-a-la-feria-de-sant-jordi-de-sitges","status":"publish","type":"post","link":"https:\/\/busgarraf.cat\/es\/busgarraf-te-lleva-a-la-feria-de-sant-jordi-de-sitges\/","title":{"rendered":"BusGarraf te lleva a la Feria de Sant Jordi de Sitges"},"content":{"rendered":"\n<p><strong>Sant Jordi <\/strong>transforma las calles de <strong>Catalu\u00f1a <\/strong>en una fiesta de cultura y tradici\u00f3n, y en <strong>Sitges <\/strong>esta celebraci\u00f3n adquiere un car\u00e1cter especial. La localidad costera acoge una jornada llena de <strong>literatura<\/strong>, <strong>rosas<\/strong>, m\u00fasica y actividades populares, convirti\u00e9ndose en un destino ideal para disfrutar de esta festividad en un entorno \u00fanico junto al mar. Te explicamos c\u00f3mo llegar a Sitges, con las l\u00edneas regulares de <a href=\"https:\/\/busgarraf.cat\/es\/\" target=\"_blank\" rel=\"noreferrer noopener\"><strong>BusGarraf<\/strong><\/a>.\u00a0<\/p>\n\n\n\n<h2 class=\"wp-block-heading\"><strong><strong><strong><strong><strong><strong><strong><strong><strong><strong><strong><strong><strong><strong><strong>La Feria de Sant Jordi en Sitges: libros y rosas frente al Mediterr\u00e1neo<\/strong><\/strong><\/strong><\/strong><\/strong><\/strong><\/strong><\/strong><\/strong><\/strong><\/strong><\/strong><\/strong><\/strong><\/strong><\/h2>\n\n\n\n<p>El <strong>Paseo de la Ribera<\/strong>, con sus vistas privilegiadas al mar Mediterr\u00e1neo, se convierte, el pr\u00f3ximo <strong>23 de abril<\/strong>, en el epicentro de la <a href=\"https:\/\/www.visitsitges.com\/agenda\/sant-jordi-sitges-2025\/\" target=\"_blank\" rel=\"noreferrer noopener\"><strong>Feria de Sant Jordi<\/strong><\/a><strong> <\/strong>en <strong>Sitges<\/strong>. A lo largo del d\u00eda, <strong>librer\u00edas y editoriales<\/strong> instalan sus puestos repletos de novedades literarias, cl\u00e1sicos y obras de autores locales. Asimismo, tambi\u00e9n encontrar\u00e1s numerosos puestos de <strong>florister\u00edas <\/strong>que venden las mejores <strong>rosas<\/strong>.<\/p>\n\n\n\n<p>La<strong> firma de libros <\/strong>es uno de los momentos m\u00e1s esperados, con escritores que dedican sus ejemplares y comparten su trabajo con los lectores. Adem\u00e1s, se organizan <strong>presentaciones de libros<\/strong>, brindando a los asistentes la oportunidad de descubrir nuevas publicaciones y participar en encuentros con sus autores favoritos.\u00a0<\/p>\n\n\n\n<h2 class=\"wp-block-heading\"><strong><strong><strong><strong><strong>Un d\u00eda lleno de cultura: preg\u00f3n, concursos y tradici\u00f3n catalana<\/strong><\/strong><\/strong><\/strong><\/strong><\/h2>\n\n\n\n<p>Las<strong> actividades culturales <\/strong>complementan la oferta literaria, haciendo de Sant Jordi una fiesta para todos los p\u00fablicos. La jornada comienza con el <strong>preg\u00f3n de Sant Jordi<\/strong>, un acto institucional que da inicio oficial a la celebraci\u00f3n.\u00a0<\/p>\n\n\n\n<p>Adem\u00e1s, la creatividad se pone a prueba con los <strong>concursos literarios<\/strong>, que premian relatos y poes\u00edas de escritores noveles y aficionados, fomentando el amor por la escritura y la lectura entre todas las edades.\u00a0<\/p>\n\n\n\n<p>Pero Sant Jordi en Sitges no es solo literatura: la jornada tambi\u00e9n rinde homenaje a las <strong>tradiciones catalanas<\/strong>. Durante el d\u00eda, se organizan exhibiciones de <strong>sardanas<\/strong>, la emblem\u00e1tica danza popular catalana, as\u00ed como espect\u00e1culos de <strong>castells<\/strong>, donde las collas castelleras forman impresionantes torres humanas que simbolizan el esfuerzo y la unidad.\u00a0<\/p>\n\n\n\n<h2 class=\"wp-block-heading\"><strong>Vive Sant Jordi en Sitges, con BusGarraf<\/strong><\/h2>\n\n\n\n<p>Disfruta de esta jornada tan especial, llegando a <strong>Sitges<\/strong>, con <a href=\"https:\/\/busgarraf.cat\/es\/\" target=\"_blank\" rel=\"noreferrer noopener\"><strong>BusGarraf<\/strong><\/a>, cuyas l\u00edneas regulares conectan la localidad con m\u00faltiples municipios de la comarca, como <strong>Vilanova i la Geltr\u00fa<\/strong> y <strong>Sant Pere de Ribes<\/strong>, y con <strong>Barcelona<\/strong>. Gracias a sus rutas frecuentes y c\u00f3modas, llegar a la <strong>Feria de Sant Jordi en Sitges <\/strong>es sencillo. Consulta en nuestra <a href=\"https:\/\/busgarraf.cat\/es\/lineas\/\" target=\"_blank\" rel=\"noreferrer noopener\"><strong>p\u00e1gina web<\/strong><\/a> los horarios de las l\u00edneas <a href=\"https:\/\/busgarraf.cat\/es\/lineas\/\" target=\"_blank\" rel=\"noreferrer noopener\"><strong>Sitges \u2013 Barcelona<\/strong><\/a> y <a href=\"https:\/\/busgarraf.cat\/es\/lineas\/\" target=\"_blank\" rel=\"noreferrer noopener\"><strong>Vilanova i la Geltr\u00fa &#8211; Roquetes \u2013 Sitges \u2013 Aeroport &#8211; Barcelona<\/strong><\/a>.<\/p>\n\n\n\n<figure class=\"wp-block-image aligncenter size-full is-resized\"><img decoding=\"async\" src=\"https:\/\/busgarraf.cat\/wp-content\/uploads\/2025\/04\/Feria-de-Sant-Jordi-Sitges-Transporte-Publico-BusGarraf.jpg\" alt=\"Feria de Sant Jordi Sitges Transporte P\u00fablico BusGarraf\" class=\"wp-image-10651\" style=\"aspect-ratio:16\/9;object-fit:cover;width:1000px\" width=\"1000\"\/><\/figure>\n\n\n\n<figure class=\"wp-block-gallery has-nested-images columns-default is-cropped wp-block-gallery-1 is-layout-flex wp-block-gallery-is-layout-flex\"><\/figure>\n","protected":false},"excerpt":{"rendered":"<p>Sant Jordi transforma las calles de Catalu\u00f1a en una fiesta de cultura y tradici\u00f3n, y en Sitges esta celebraci\u00f3n adquiere un car\u00e1cter especial. La localidad costera acoge una jornada llena de literatura, rosas, m\u00fasica y actividades populares, convirti\u00e9ndose en un destino ideal para disfrutar de esta festividad en un entorno \u00fanico junto al mar. Te [&hellip;]<\/p>\n","protected":false},"author":4,"featured_media":10651,"comment_status":"closed","ping_status":"open","sticky":false,"template":"","format":"standard","meta":{"_et_pb_use_builder":"off","_et_pb_old_content":"","_et_gb_content_width":"","footnotes":""},"categories":[4],"tags":[94,112,100,82,90,98],"_links":{"self":[{"href":"https:\/\/busgarraf.cat\/es\/wp-json\/wp\/v2\/posts\/10650"}],"collection":[{"href":"https:\/\/busgarraf.cat\/es\/wp-json\/wp\/v2\/posts"}],"about":[{"href":"https:\/\/busgarraf.cat\/es\/wp-json\/wp\/v2\/types\/post"}],"author":[{"embeddable":true,"href":"https:\/\/busgarraf.cat\/es\/wp-json\/wp\/v2\/users\/4"}],"replies":[{"embeddable":true,"href":"https:\/\/busgarraf.cat\/es\/wp-json\/wp\/v2\/comments?post=10650"}],"version-history":[{"count":1,"href":"https:\/\/busgarraf.cat\/es\/wp-json\/wp\/v2\/posts\/10650\/revisions"}],"predecessor-version":[{"id":10655,"href":"https:\/\/busgarraf.cat\/es\/wp-json\/wp\/v2\/posts\/10650\/revisions\/10655"}],"wp:featuredmedia":[{"embeddable":true,"href":"https:\/\/busgarraf.cat\/es\/wp-json\/wp\/v2\/media\/10651"}],"wp:attachment":[{"href":"https:\/\/busgarraf.cat\/es\/wp-json\/wp\/v2\/media?parent=10650"}],"wp:term":[{"taxonomy":"category","embeddable":true,"href":"https:\/\/busgarraf.cat\/es\/wp-json\/wp\/v2\/categories?post=10650"},{"taxonomy":"post_tag","embeddable":true,"href":"https:\/\/busgarraf.cat\/es\/wp-json\/wp\/v2\/tags?post=10650"}],"curies":[{"name":"wp","href":"https:\/\/api.w.org\/{rel}","templated":true}]}}