{"id":12941,"date":"2026-03-06T09:00:00","date_gmt":"2026-03-06T09:00:00","guid":{"rendered":"https:\/\/busgarraf.cat\/?p=12941"},"modified":"2026-03-05T09:21:24","modified_gmt":"2026-03-05T09:21:24","slug":"descubre-los-lugares-historicos-de-calafell-y-como-llegar-con-busgarraf","status":"publish","type":"post","link":"https:\/\/busgarraf.cat\/es\/descubre-los-lugares-historicos-de-calafell-y-como-llegar-con-busgarraf\/","title":{"rendered":"Descubre los lugares hist\u00f3ricos de Calafell\u00a0y c\u00f3mo llegar con BusGarraf\u00a0\u00a0"},"content":{"rendered":"\n<p><strong>Calafell<\/strong>, situado entre&nbsp;<strong>El Vendrell<\/strong>&nbsp;y&nbsp;<strong>Cunit<\/strong>, en la comarca del&nbsp;<strong>Baix Pened\u00e8s<\/strong>, es un municipio que conserva un&nbsp;<strong>casco hist\u00f3rico&nbsp;<\/strong>lleno de&nbsp;<strong>patrimonio&nbsp;y tradici\u00f3n<\/strong>. Sus calles empedradas, plazas centenarias y edificios antiguos permiten a los visitantes sumergirse en la vida del pueblo a lo largo de los siglos, descubriendo la arquitectura, la cultura y las historias que han marcado&nbsp;su identidad.&nbsp;&nbsp;<\/p>\n\n\n\n<p>Si quieres disfrutar de un lugar aut\u00e9ntico,&nbsp;<strong>Calafell&nbsp;<\/strong>es tu destino ideal. Gracias a las conexiones de&nbsp;<a href=\"https:\/\/busgarraf.cat\/es\/\" target=\"_blank\" rel=\"noreferrer noopener\"><strong>BusGarraf<\/strong><\/a><strong>&nbsp;<\/strong>desplazarse es sencillo desde localidades cercanas como&nbsp;<strong>Vilanova i la Geltr\u00fa<\/strong>,<strong>&nbsp;Cubelles<\/strong>,<strong>&nbsp;Cunit<\/strong>,<strong>&nbsp;El Vendrell<\/strong>,<strong>&nbsp;Valls&nbsp;<\/strong>y<strong>&nbsp;Tarragona<\/strong>.&nbsp;A&nbsp;continuaci\u00f3n, te contamos&nbsp;c\u00f3mo&nbsp;hacerlo.&nbsp;<\/p>\n\n\n\n<h2 class=\"wp-block-heading\"><strong>Castillo de la Santa Cruz<\/strong>\u00a0<\/h2>\n\n\n\n<p>El<strong>&nbsp;Castillo de la Santa Cruz<\/strong>&nbsp;es una fortaleza medieval que controlaba el territorio y proteg\u00eda a los habitantes de Calafell. Sus murallas y espacios interiores permiten imaginar la vida en la Edad Media y comprender la importancia estrat\u00e9gica de la fortificaci\u00f3n.&nbsp;Adem\u00e1s, el castillo y su&nbsp;entorno&nbsp;conforman un&nbsp;<strong>parque arqueol\u00f3gico al aire libre<\/strong>, que explica, a trav\u00e9s de una&nbsp;<strong>museograf\u00eda renovada<\/strong>, diversos episodios de la historia del municipio.&nbsp;&nbsp;<\/p>\n\n\n\n<p>Durante el recorrido por el interior del recinto se pueden descubrir puntos destacados como el&nbsp;<strong>conjuratorio<\/strong>, una peque\u00f1a sala destinada a ceremonias de protecci\u00f3n, la&nbsp;<strong>espada\u00f1a<\/strong>, donde se colocaban las campanas, y la&nbsp;<strong>cisterna<\/strong>, utilizada como dep\u00f3sito de agua de la fortaleza. El conjunto alberga tambi\u00e9n una&nbsp;<strong>iglesia de estilo rom\u00e1nico<\/strong>, que representa el patrimonio religioso de la zona, y desde lo alto del castillo se obtienen vistas panor\u00e1micas que permiten observar c\u00f3mo se estructuran las calles y plazas del casco hist\u00f3rico de Calafell.&nbsp;&nbsp;<\/p>\n\n\n\n<h2 class=\"wp-block-heading\"><strong>Iglesia de la Santa Cruz\u00a0en el casco hist\u00f3rico\u00a0<\/strong>\u00a0\u00a0<\/h2>\n\n\n\n<p>La&nbsp;<strong>Iglesia de la Santa Cruz<\/strong>&nbsp;es uno de los edificios m\u00e1s emblem\u00e1ticos del casco hist\u00f3rico de Calafell. Su&nbsp;<strong>planta basilical<\/strong>&nbsp;y el&nbsp;<strong>campanario prism\u00e1tico<\/strong>&nbsp;destacan en el entorno, reflejando la arquitectura religiosa tradicional de la zona.&nbsp;<\/p>\n\n\n\n<p>A lo largo de los siglos, la iglesia ha sido un punto central de la vida del municipio y ha&nbsp;<strong>experimentado distintas reformas<\/strong>, visibles en algunos de sus elementos decorativos y estructurales. Su ubicaci\u00f3n en la plaza principal del casco hist\u00f3rico muestra c\u00f3mo se integraba con el trazado urbano, formando parte de la vida cotidiana del pueblo.&nbsp;<\/p>\n\n\n\n<h2 class=\"wp-block-heading\"><strong>Casas indianas: arquitectura singular del siglo XIX<\/strong>\u00a0<\/h2>\n\n\n\n<p>Entre los edificios m\u00e1s destacados del casco hist\u00f3rico se encuentran las&nbsp;<strong>casas indianas<\/strong>, construidas por vecinos que regresaron de Am\u00e9rica tras prosperar en el comercio y la navegaci\u00f3n. Estas viviendas llaman la atenci\u00f3n por sus&nbsp;<strong>fachadas decoradas, balcones trabajados y detalles arquitect\u00f3nicos<\/strong>&nbsp;que combinan tradici\u00f3n y estilos propios de finales del<strong>&nbsp;siglo<\/strong>&nbsp;<strong>XIX&nbsp;<\/strong>y principios del&nbsp;<strong>XX<\/strong>.&nbsp;<\/p>\n\n\n\n<p>Las casas indianas reflejan la influencia de la arquitectura europea y americana de la \u00e9poca, mostrando c\u00f3mo la experiencia y los recursos de sus propietarios se trasladaron al\u00a0<strong>dise\u00f1o urbano de Calafell<\/strong>.\u00a0\u00a0<\/p>\n\n\n\n<h2 class=\"wp-block-heading\"><strong>C\u00f3mo llegar f\u00e1cilmente a Calafell con BusGarraf<\/strong>&nbsp;<\/h2>\n\n\n\n<p>Visitar los lugares&nbsp;<strong>hist\u00f3ricos de Calafell<\/strong>&nbsp;es sencillo gracias a las&nbsp;<strong>l\u00edneas regulares de&nbsp;<\/strong><a href=\"https:\/\/busgarraf.cat\/es\/lineas\/\" target=\"_blank\" rel=\"noreferrer noopener\"><strong>BusGarraf<\/strong><\/a>, que conectan el municipio con distintas localidades cercanas. Entre las rutas&nbsp;se encuentran&nbsp;<a href=\"https:\/\/busgarraf.cat\/es\/lineas\/\" target=\"_blank\" rel=\"noreferrer noopener\"><strong>Vilanova i la Geltr\u00fa \u2013 El Vendrell<\/strong><\/a>,&nbsp;<a href=\"https:\/\/busgarraf.cat\/es\/lineas\/\" target=\"_blank\" rel=\"noreferrer noopener\"><strong>Valls \u2013 El Vendrell \u2013 Calafell<\/strong><\/a>,&nbsp;<a href=\"https:\/\/busgarraf.cat\/es\/lineas\/\" target=\"_blank\" rel=\"noreferrer noopener\"><strong>Vilanova i la Geltr\u00fa \u2013&nbsp;Tarragona<\/strong><\/a><strong>&nbsp;<\/strong>y&nbsp;<a href=\"https:\/\/busgarraf.cat\/es\/lineas\/\" target=\"_blank\" rel=\"noreferrer noopener\"><strong>Calafell \u2013 Segur de Calafell \u2013 Cunit \u2013 Cubelles \u2013 Barcelona<\/strong><\/a>.&nbsp;&nbsp;<\/p>\n\n\n\n<p>Puedes&nbsp;consultar las&nbsp;<strong>paradas y horarios&nbsp;<\/strong>en&nbsp;nuestra<strong>&nbsp;<\/strong><a href=\"https:\/\/busgarraf.cat\/es\/\" target=\"_blank\" rel=\"noreferrer noopener\"><strong>p\u00e1gina&nbsp;web<\/strong><\/a>&nbsp;para&nbsp;organizar&nbsp;tu&nbsp;visita&nbsp;y descubrir&nbsp;este municipio lleno&nbsp;de&nbsp;historia.&nbsp;&nbsp;<\/p>\n\n\n\n<figure class=\"wp-block-image aligncenter size-full is-resized\"><img decoding=\"async\" src=\"https:\/\/busgarraf.cat\/wp-content\/uploads\/2026\/03\/Descubre-los-lugares-historicos-de-Calafell.png\" alt=\"Descubre los lugares hist\u00f3ricos de Calafell y c\u00f3mo llegar con BusGarraf  \" class=\"wp-image-12946\" style=\"aspect-ratio:16\/9;object-fit:cover;width:1000px\" width=\"1000\"\/><\/figure>\n\n\n\n<figure class=\"wp-block-gallery has-nested-images columns-default is-cropped wp-block-gallery-1 is-layout-flex wp-block-gallery-is-layout-flex\"><\/figure>\n","protected":false},"excerpt":{"rendered":"<p>Calafell, situado entre&nbsp;El Vendrell&nbsp;y&nbsp;Cunit, en la comarca del&nbsp;Baix Pened\u00e8s, es un municipio que conserva un&nbsp;casco hist\u00f3rico&nbsp;lleno de&nbsp;patrimonio&nbsp;y tradici\u00f3n. Sus calles empedradas, plazas centenarias y edificios antiguos permiten a los visitantes sumergirse en la vida del pueblo a lo largo de los siglos, descubriendo la arquitectura, la cultura y las historias que han marcado&nbsp;su identidad.&nbsp;&nbsp; Si [&hellip;]<\/p>\n","protected":false},"author":4,"featured_media":12946,"comment_status":"closed","ping_status":"open","sticky":false,"template":"","format":"standard","meta":{"_et_pb_use_builder":"off","_et_pb_old_content":"","_et_gb_content_width":"","footnotes":""},"categories":[4],"tags":[80,110,104,116,87,96,90,102,98],"_links":{"self":[{"href":"https:\/\/busgarraf.cat\/es\/wp-json\/wp\/v2\/posts\/12941"}],"collection":[{"href":"https:\/\/busgarraf.cat\/es\/wp-json\/wp\/v2\/posts"}],"about":[{"href":"https:\/\/busgarraf.cat\/es\/wp-json\/wp\/v2\/types\/post"}],"author":[{"embeddable":true,"href":"https:\/\/busgarraf.cat\/es\/wp-json\/wp\/v2\/users\/4"}],"replies":[{"embeddable":true,"href":"https:\/\/busgarraf.cat\/es\/wp-json\/wp\/v2\/comments?post=12941"}],"version-history":[{"count":1,"href":"https:\/\/busgarraf.cat\/es\/wp-json\/wp\/v2\/posts\/12941\/revisions"}],"predecessor-version":[{"id":12950,"href":"https:\/\/busgarraf.cat\/es\/wp-json\/wp\/v2\/posts\/12941\/revisions\/12950"}],"wp:featuredmedia":[{"embeddable":true,"href":"https:\/\/busgarraf.cat\/es\/wp-json\/wp\/v2\/media\/12946"}],"wp:attachment":[{"href":"https:\/\/busgarraf.cat\/es\/wp-json\/wp\/v2\/media?parent=12941"}],"wp:term":[{"taxonomy":"category","embeddable":true,"href":"https:\/\/busgarraf.cat\/es\/wp-json\/wp\/v2\/categories?post=12941"},{"taxonomy":"post_tag","embeddable":true,"href":"https:\/\/busgarraf.cat\/es\/wp-json\/wp\/v2\/tags?post=12941"}],"curies":[{"name":"wp","href":"https:\/\/api.w.org\/{rel}","templated":true}]}}