{"id":13768,"date":"2026-09-01T09:30:00","date_gmt":"2026-09-01T09:30:00","guid":{"rendered":"https:\/\/busgarraf.cat\/?p=13768"},"modified":"2026-07-16T09:40:38","modified_gmt":"2026-07-16T09:40:38","slug":"como-llegar-a-la-fiesta-de-la-vendimia-de-cubelles-con-busgarraf","status":"publish","type":"post","link":"https:\/\/busgarraf.cat\/es\/como-llegar-a-la-fiesta-de-la-vendimia-de-cubelles-con-busgarraf\/","title":{"rendered":"C\u00f3mo llegar a la Fiesta de la Vendimia de Cubelles con\u00a0BusGarraf\u00a0\u00a0\u00a0"},"content":{"rendered":"\n<p>La&nbsp;<strong>Fiesta de la Vendimia de Cubelles<\/strong>, conocida oficialmente como&nbsp;<strong>Festa de la Verema<\/strong>, es una de las celebraciones m\u00e1s representativas del municipio y una cita imprescindible para descubrir la&nbsp;<strong>tradici\u00f3n vitivin\u00edcola<\/strong>&nbsp;de la comarca. Durante esta fiesta, el vino, la gastronom\u00eda y la cultura popular se convierten en los grandes protagonistas, reuniendo cada a\u00f1o a vecinos y visitantes en un ambiente festivo.&nbsp;<\/p>\n\n\n\n<p>Si quieres vivir una experiencia \u00fanica llegar a&nbsp;<strong>Cubelles<\/strong>&nbsp;es sencillo gracias a las l\u00edneas regulares de&nbsp;<a href=\"https:\/\/busgarraf.cat\/es\/\" target=\"_blank\" rel=\"noreferrer noopener\"><strong>BusGarraf<\/strong><\/a>, con conexiones desde localidades como&nbsp;<strong>Vilanova i la Geltr\u00fa<\/strong>,&nbsp;<strong>Cunit<\/strong>,<strong>&nbsp;El Vendrell<\/strong>,&nbsp;<strong>Calafell<\/strong>,&nbsp;<strong>Tarragona<\/strong>&nbsp;o&nbsp;<strong>Barcelona<\/strong>.&nbsp;<\/p>\n\n\n\n<p>A continuaci\u00f3n, te contamos qu\u00e9 puedes encontrar en la&nbsp;<strong>Fiesta de la Vendimia de Cubelles<\/strong>&nbsp;y c\u00f3mo llegar con&nbsp;<strong>BusGarraf<\/strong>.&nbsp;<\/p>\n\n\n\n<h2 class=\"wp-block-heading\"><strong>Vino, gastronom\u00eda y tradici\u00f3n<\/strong>\u00a0<\/h2>\n\n\n\n<p>La&nbsp;<strong>Fiesta de la Vendimia&nbsp;<\/strong>rinde homenaje a una actividad que durante generaciones ha formado parte del paisaje agr\u00edcola y de la<strong>&nbsp;identidad de Cubelles<\/strong>. Aunque el municipio ha evolucionado con el paso del tiempo, la celebraci\u00f3n mantiene vivo el v\u00ednculo con la cultura del vino y recuerda la importancia que la viticultura ha tenido en el desarrollo del territorio.&nbsp;<\/p>\n\n\n\n<p>Hoy en d\u00eda, esta tradici\u00f3n se traslada al<strong>&nbsp;coraz\u00f3n de Cubelles<\/strong>, donde la&nbsp;<strong>Pla\u00e7a&nbsp;del&nbsp;Mercat<\/strong>&nbsp;se convierte en el escenario principal de la celebraci\u00f3n. All\u00ed, vecinos y visitantes pueden degustar el primer mosto de la temporada, descubrir vinos y cavas elaborados en el Pened\u00e8s y el Garraf y disfrutar de una selecci\u00f3n de productos de proximidad, como&nbsp;<strong>embutidos artesanos<\/strong>,&nbsp;<strong>quesos<\/strong>,&nbsp;<strong>pan de pay\u00e9s<\/strong>&nbsp;o<strong>&nbsp;coca<\/strong>.&nbsp;&nbsp;<\/p>\n\n\n\n<p>La programaci\u00f3n se completa con algunas de las actividades m\u00e1s representativas de la fiesta, entre ellas la elecci\u00f3n de la&nbsp;<strong>Pubilla<\/strong>&nbsp;y el&nbsp;<strong>Hereu<\/strong>, la carrera de toneles, la entrega de los&nbsp;<strong>P\u00e0mpols&nbsp;de Plata<\/strong>&nbsp;y la muestra de placas de cava. Estas tradiciones, junto con otras propuestas culturales y familiares, contribuyen a mantener vivo el legado vitivin\u00edcola del municipio y hacen de esta celebraci\u00f3n una de las citas m\u00e1s emblem\u00e1ticas de Cubelles.&nbsp;<\/p>\n\n\n\n<h2 class=\"wp-block-heading\"><strong>Una jornada para descubrir Cubelles<\/strong>\u00a0<\/h2>\n\n\n\n<p>Este evento&nbsp;es tambi\u00e9n una excelente ocasi\u00f3n para recorrer<strong>&nbsp;Cubelles<\/strong>&nbsp;y descubrir algunos de sus principales atractivos.&nbsp;Desde la&nbsp;<strong>Pla\u00e7a&nbsp;del&nbsp;Mercat<\/strong>, donde se celebra la fiesta, puedes acercarte al&nbsp;<strong>Castillo de Cubelles<\/strong>, uno de los edificios hist\u00f3ricos m\u00e1s emblem\u00e1ticos del municipio, visitar la&nbsp;<strong>iglesia de Santa Mar\u00eda<\/strong>&nbsp;o pasear por las calles del casco antiguo, donde todav\u00eda se conserva el encanto del n\u00facleo hist\u00f3rico.&nbsp;<\/p>\n\n\n\n<p>Para completar la jornada, el\u00a0<strong>paseo mar\u00edtimo<\/strong>\u00a0y playas como\u00a0<strong>la Platja\u00a0Llarga<\/strong>\u00a0o\u00a0<strong>la Platja de la Mota de Sant Pere<\/strong>\u00a0ofrecen un entorno ideal para disfrutar del Mediterr\u00e1neo, relajarse junto al mar o hacer una pausa en alguno de los restaurantes y terrazas de la zona.\u00a0<\/p>\n\n\n\n<h2 class=\"wp-block-heading\"><strong>C\u00f3mo llegar a Cubelles con\u00a0BusGarraf<\/strong>\u00a0\u00a0<\/h2>\n\n\n\n<p>Si quieres disfrutar de la&nbsp;<strong>Fiesta de la Vendimia de Cubelles<\/strong>, llegar es muy sencillo gracias a las l\u00edneas regulares de&nbsp;<a href=\"https:\/\/busgarraf.cat\/es\/\" target=\"_blank\" rel=\"noreferrer noopener\"><strong>BusGarraf<\/strong><\/a>, que conectan el municipio con distintas localidades de la comarca del Garraf.&nbsp;<\/p>\n\n\n\n<p>Puedes utilizar l\u00edneas como&nbsp;<a href=\"https:\/\/busgarraf.cat\/es\/lineas\/\" target=\"_blank\" rel=\"noreferrer noopener\"><strong>Vilanova i la Geltr\u00fa \u2013 El Vendrell<\/strong><\/a>,&nbsp;<a href=\"https:\/\/busgarraf.cat\/es\/lineas\/\" target=\"_blank\" rel=\"noreferrer noopener\"><strong>Vilanova i la Geltr\u00fa \u2013 Tarragona<\/strong><\/a>,&nbsp;<a href=\"https:\/\/busgarraf.cat\/es\/lineas\/\" target=\"_blank\" rel=\"noreferrer noopener\"><strong>Cubelles \u2013 Santa Maria \u2013 Vilanova i la Geltr\u00fa<\/strong><\/a>,&nbsp;<a href=\"https:\/\/busgarraf.cat\/es\/lineas\/\" target=\"_blank\" rel=\"noreferrer noopener\"><strong>Cubelles \u2013 Vilanova i la Geltr\u00fa \u2013 Barcelona<\/strong><\/a>,&nbsp;<a href=\"https:\/\/busgarraf.cat\/es\/lineas\/\" target=\"_blank\" rel=\"noreferrer noopener\"><strong>Cunit \u2013 Cubelles \u2013&nbsp;Hospital Sant Antoni Abat \u2013&nbsp;Hospital Sant Camil \u2013&nbsp;Vilafranca del Pened\u00e8s<\/strong><\/a>&nbsp;o&nbsp;<a href=\"https:\/\/busgarraf.cat\/es\/lineas\/\" target=\"_blank\" rel=\"noreferrer noopener\"><strong>Calafell \u2013 Segur de Calafell \u2013 Cunit \u2013 Cubelles \u2013 Barcelona<\/strong><\/a>.&nbsp;<\/p>\n\n\n\n<p>Consulta los horarios, las rutas y las conexiones disponibles en nuestra&nbsp;<a href=\"https:\/\/busgarraf.cat\/es\/\" target=\"_blank\" rel=\"noreferrer noopener\"><strong>p\u00e1gina web<\/strong><\/a>&nbsp;para planificar tu desplazamiento y disfrutar c\u00f3modamente de una de las fiestas m\u00e1s tradicionales de&nbsp;<strong>Cubelles<\/strong>.&nbsp;<\/p>\n\n\n\n<figure class=\"wp-block-image aligncenter size-full is-resized\"><img decoding=\"async\" src=\"https:\/\/busgarraf.cat\/wp-content\/uploads\/2026\/07\/Como-llegar-a-la-Fiesta-de-la-Vendimia-de-Cubelles-con-BusGarraf.png\" alt=\"C\u00f3mo llegar a la fiesta de la Vendimia de Cubelles con BusGarraf\" class=\"wp-image-13769\" style=\"aspect-ratio:16\/9;object-fit:cover;width:1000px\" width=\"1000\"\/><\/figure>\n\n\n\n<figure class=\"wp-block-gallery has-nested-images columns-default is-cropped wp-block-gallery-1 is-layout-flex wp-block-gallery-is-layout-flex\"><\/figure>\n","protected":false},"excerpt":{"rendered":"<p>La&nbsp;Fiesta de la Vendimia de Cubelles, conocida oficialmente como&nbsp;Festa de la Verema, es una de las celebraciones m\u00e1s representativas del municipio y una cita imprescindible para descubrir la&nbsp;tradici\u00f3n vitivin\u00edcola&nbsp;de la comarca. Durante esta fiesta, el vino, la gastronom\u00eda y la cultura popular se convierten en los grandes protagonistas, reuniendo cada a\u00f1o a vecinos y visitantes [&hellip;]<\/p>\n","protected":false},"author":7,"featured_media":13769,"comment_status":"closed","ping_status":"open","sticky":false,"template":"","format":"standard","meta":{"_et_pb_use_builder":"off","_et_pb_old_content":"","_et_gb_content_width":"","footnotes":""},"categories":[4],"tags":[94,80,110,104,116,87,114,82,96,90,98],"_links":{"self":[{"href":"https:\/\/busgarraf.cat\/es\/wp-json\/wp\/v2\/posts\/13768"}],"collection":[{"href":"https:\/\/busgarraf.cat\/es\/wp-json\/wp\/v2\/posts"}],"about":[{"href":"https:\/\/busgarraf.cat\/es\/wp-json\/wp\/v2\/types\/post"}],"author":[{"embeddable":true,"href":"https:\/\/busgarraf.cat\/es\/wp-json\/wp\/v2\/users\/7"}],"replies":[{"embeddable":true,"href":"https:\/\/busgarraf.cat\/es\/wp-json\/wp\/v2\/comments?post=13768"}],"version-history":[{"count":1,"href":"https:\/\/busgarraf.cat\/es\/wp-json\/wp\/v2\/posts\/13768\/revisions"}],"predecessor-version":[{"id":13773,"href":"https:\/\/busgarraf.cat\/es\/wp-json\/wp\/v2\/posts\/13768\/revisions\/13773"}],"wp:featuredmedia":[{"embeddable":true,"href":"https:\/\/busgarraf.cat\/es\/wp-json\/wp\/v2\/media\/13769"}],"wp:attachment":[{"href":"https:\/\/busgarraf.cat\/es\/wp-json\/wp\/v2\/media?parent=13768"}],"wp:term":[{"taxonomy":"category","embeddable":true,"href":"https:\/\/busgarraf.cat\/es\/wp-json\/wp\/v2\/categories?post=13768"},{"taxonomy":"post_tag","embeddable":true,"href":"https:\/\/busgarraf.cat\/es\/wp-json\/wp\/v2\/tags?post=13768"}],"curies":[{"name":"wp","href":"https:\/\/api.w.org\/{rel}","templated":true}]}}