{"id":5850,"date":"2023-05-29T09:39:00","date_gmt":"2023-05-29T09:39:00","guid":{"rendered":"https:\/\/busgarraf.cat\/?p=5850"},"modified":"2024-06-06T09:51:21","modified_gmt":"2024-06-06T09:51:21","slug":"recorrido-de-la-linea-busgarraf-hacia-tarragona","status":"publish","type":"post","link":"https:\/\/busgarraf.cat\/es\/recorrido-de-la-linea-busgarraf-hacia-tarragona\/","title":{"rendered":"Recorrido de la l\u00ednea BusGarraf hacia Tarragona."},"content":{"rendered":"\n<p>Los cincuenta kil\u00f3metros que separan a Tarragona de Vilanova i la Geltr\u00fa se pueden cubrir sin contratiempos y disfrutando del paseo con <strong>BusGarraf<\/strong>. En apenas una hora y quince minutos de viaje, los autobuses m\u00e1s modernos y equipados de la regi\u00f3n te llevar\u00e1n a tu destino de la manera m\u00e1s r\u00e1pida, segura y confortable.<\/p>\n\n\n\n<p>Si eres uno de los tantos usuarios que requieren de este servicio a diario, te mostramos nuestros horarios y todo lo que tienes que saber de esta l\u00ednea <a href=\"https:\/\/busgarraf.cat\/wp-content\/uploads\/2023\/01\/Vilanova-Tarragona-12_01_23.pdf\">aqu\u00ed<\/a>.<\/p>\n\n\n\n<p><\/p>\n\n\n\n<h2>Bus Vilanova Tarragona<\/h2>\n\n\n\n<p>De lunes a viernes (siempre hablando de d\u00edas laborables), puedes aprovechar la amplia variedad de frecuencias disponibles para tomar el<strong> bus Vilanova Tarragona<\/strong>.<\/p>\n\n\n\n<p><\/p>\n\n\n\n<p><strong>El recorrido<\/strong><\/p>\n\n\n\n<p>Por la ma\u00f1ana, el primer autob\u00fas parte a las 6:15h desde la Pla\u00e7a Eduard Maristany de Vilanova i la Geltr\u00fa. Luego, dentro de esta localidad, hace cuatro paradas en unos pocos minutos: se detiene en las calles Pare Gar\u00ed, Aigua con Bruc, Zamenhof y como \u00faltima parada en Ibersol.<\/p>\n\n\n\n<p><strong>Cubelles<\/strong><\/p>\n\n\n\n<p>El <strong>autob\u00fas a Tarragona<\/strong> hace dos paradas estrat\u00e9gicas, en el centro de Cubelles a las 6:30h, y en T\u00e9rmica dos minutos m\u00e1s tarde.<\/p>\n\n\n\n<p><strong>Cunit<\/strong><\/p>\n\n\n\n<p>Luego se interna en el centro de Cunit y recoge pasajeros en la parada llamada Benzinera (6:37h) y la \u00faltima parada en esta poblaci\u00f3n en La Ponderosa (6:38h).<\/p>\n\n\n\n<p><strong>Segur de Calafell y Calafell<\/strong><\/p>\n\n\n\n<p>Al centro de Segur de Calafell llega hacia las 6:40h, para luego dirigirse hacia la estaci\u00f3n de Calafell (6:48h).<\/p>\n\n\n\n<p><strong>Tarragona<\/strong><\/p>\n\n\n\n<p>Ya en Tarragona, el autob\u00fas hace parada en la zona universitaria (7:25h), pasa por el Hospital Joan XXIII (7:26h) y termina el recorrido en la estaci\u00f3n de autobuses de esta localidad (7:30h).<\/p>\n\n\n\n<p><strong>Conclusi\u00f3n sobre el recorrido<\/strong><\/p>\n\n\n\n<p>Como puedes ver, la cobertura de la<strong> l\u00ednea Vilanova Tarragona<\/strong> te permitir\u00e1 llegar a tu destino con la tranquilidad de saber que tienes servicios disponibles entre las 6:15h y las 20:30h.&nbsp;<\/p>\n\n\n\n<p><\/p>\n\n\n\n<p><\/p>\n\n\n\n<p><\/p>\n\n\n\n<figure class=\"wp-block-image aligncenter size-full is-resized\"><img decoding=\"async\" src=\"https:\/\/busgarraf.cat\/wp-content\/uploads\/2023\/05\/bus-vilanova-tarragona-3.jpg\" alt=\"bus vilanova tarragona\" class=\"wp-image-5851\" style=\"aspect-ratio:16\/9;object-fit:cover;width:1000px\" width=\"1000\"\/><\/figure>\n","protected":false},"excerpt":{"rendered":"<p>Los cincuenta kil\u00f3metros que separan a Tarragona de Vilanova i la Geltr\u00fa se pueden cubrir sin contratiempos y disfrutando del paseo con BusGarraf. En apenas una hora y quince minutos de viaje, los autobuses m\u00e1s modernos y equipados de la regi\u00f3n te llevar\u00e1n a tu destino de la manera m\u00e1s r\u00e1pida, segura y confortable. Si [&hellip;]<\/p>\n","protected":false},"author":3,"featured_media":5851,"comment_status":"closed","ping_status":"open","sticky":false,"template":"","format":"standard","meta":{"_et_pb_use_builder":"off","_et_pb_old_content":"","_et_gb_content_width":"","footnotes":""},"categories":[4],"tags":[],"_links":{"self":[{"href":"https:\/\/busgarraf.cat\/es\/wp-json\/wp\/v2\/posts\/5850"}],"collection":[{"href":"https:\/\/busgarraf.cat\/es\/wp-json\/wp\/v2\/posts"}],"about":[{"href":"https:\/\/busgarraf.cat\/es\/wp-json\/wp\/v2\/types\/post"}],"author":[{"embeddable":true,"href":"https:\/\/busgarraf.cat\/es\/wp-json\/wp\/v2\/users\/3"}],"replies":[{"embeddable":true,"href":"https:\/\/busgarraf.cat\/es\/wp-json\/wp\/v2\/comments?post=5850"}],"version-history":[{"count":5,"href":"https:\/\/busgarraf.cat\/es\/wp-json\/wp\/v2\/posts\/5850\/revisions"}],"predecessor-version":[{"id":8724,"href":"https:\/\/busgarraf.cat\/es\/wp-json\/wp\/v2\/posts\/5850\/revisions\/8724"}],"wp:featuredmedia":[{"embeddable":true,"href":"https:\/\/busgarraf.cat\/es\/wp-json\/wp\/v2\/media\/5851"}],"wp:attachment":[{"href":"https:\/\/busgarraf.cat\/es\/wp-json\/wp\/v2\/media?parent=5850"}],"wp:term":[{"taxonomy":"category","embeddable":true,"href":"https:\/\/busgarraf.cat\/es\/wp-json\/wp\/v2\/categories?post=5850"},{"taxonomy":"post_tag","embeddable":true,"href":"https:\/\/busgarraf.cat\/es\/wp-json\/wp\/v2\/tags?post=5850"}],"curies":[{"name":"wp","href":"https:\/\/api.w.org\/{rel}","templated":true}]}}