{"id":5978,"date":"2023-06-16T08:18:18","date_gmt":"2023-06-16T08:18:18","guid":{"rendered":"https:\/\/busgarraf.cat\/?p=5978"},"modified":"2024-06-06T09:47:04","modified_gmt":"2024-06-06T09:47:04","slug":"llega-al-festival-sonar-2023-con-busgarraf","status":"publish","type":"post","link":"https:\/\/busgarraf.cat\/es\/llega-al-festival-sonar-2023-con-busgarraf\/","title":{"rendered":"Llega al Festival S\u00f3nar 2023 con BusGarraf"},"content":{"rendered":"\n<p>El 15, 16 y 17 de junio se celebrar\u00e1 una nueva edici\u00f3n del S\u00f3nar Barcelona, el reconocido Festival Internacional de M\u00fasica, Creatividad y Tecnolog\u00eda, por si fuera poco, <strong>BusGarraf<\/strong> ser\u00e1 tu aliado para desplazarte con seguridad de principio a fin.<\/p>\n\n\n\n<p><\/p>\n\n\n\n<p>Como todos los a\u00f1os, este importante evento cuenta con dos segmentos: el S\u00f3nar de D\u00eda, que se desarrolla en la Fira Montju\u00efc y el S\u00f3nar de Noche, con base en la Fira Gran Via 2 de L&#8217;hospitalet de Llobregat.<\/p>\n\n\n\n<p><\/p>\n\n\n\n<p>\u00a1Y tenemos buenas noticias! A ambas sedes puedes llegar con el <a href=\"https:\/\/busgarraf.cat\/es\/lineas\/\"><strong>bus Barcelona Vilanova<\/strong><\/a>.<\/p>\n\n\n\n<p><\/p>\n\n\n\n<p><strong>Llega al S\u00f3nar de D\u00eda con el bus e15.1<\/strong><\/p>\n\n\n\n<p><\/p>\n\n\n\n<p>Si ya tienes tu entrada para vivir el S\u00f3nar de D\u00eda en la Fira Montju\u00efc, debes saber que la <strong>l\u00ednea <\/strong><a href=\"https:\/\/busgarraf.cat\/es\/lineas\/\"><strong>e15.1<\/strong><\/a> te dejar\u00e1 en la plaza Espa\u00f1a, a pocos pasos de la entrada principal. Disponemos de servicios desde las 06:35h hasta las 23:05h para que puedas, con antelaci\u00f3n, organizar tu viaje.<\/p>\n\n\n\n<p><\/p>\n\n\n\n<p><strong>El bus nocturno Barcelona te lleva al S\u00f3nar de Noche<\/strong><\/p>\n\n\n\n<p><\/p>\n\n\n\n<p>A la Fira Gran V\u00eda 2, de Hospitalet de Llobregat, puedes llegar con nuestro <strong>bus nocturno Barcelona<\/strong>, que su recorrido es durante toda la madrugada entre el centro (Gran V\u00eda 588 y Plaza Espa\u00f1a) hacia Vilafranca del Pened\u00e9s.<\/p>\n\n\n\n<p><\/p>\n\n\n\n<p><strong><strong>Disfruta del Festival S\u00f3nar 2023 con BusGarraf<\/strong><\/strong><\/p>\n\n\n\n<p><\/p>\n\n\n\n<p>Rel\u00e1jate y disfruta del <strong>S\u00f3nar 2023<\/strong>, nosotros nos encargamos de llevarte de manera r\u00e1pida, segura y c\u00f3moda, ofreciendo un servicio de calidad que cumple con todas las normativas vigentes. Aqu\u00ed te dejamos nuestro<a href=\"https:\/\/busgarraf.cat\/wp-content\/uploads\/2023\/02\/e15.1-lunes-a-domingo.pdf\"> horario<\/a> \u00a1No esperes m\u00e1s!<\/p>\n\n\n\n<p><\/p>\n\n\n\n<p><\/p>\n\n\n\n<p><\/p>\n\n\n\n<figure class=\"wp-block-image aligncenter size-full is-resized\"><img decoding=\"async\" src=\"https:\/\/busgarraf.cat\/wp-content\/uploads\/2023\/06\/bus-nocturno-barcelona.jpg\" alt=\"bus nocturno barcelona\" class=\"wp-image-5979\" style=\"aspect-ratio:16\/9;object-fit:cover;width:1000px\" width=\"1000\"\/><\/figure>\n","protected":false},"excerpt":{"rendered":"<p>El 15, 16 y 17 de junio se celebrar\u00e1 una nueva edici\u00f3n del S\u00f3nar Barcelona, el reconocido Festival Internacional de M\u00fasica, Creatividad y Tecnolog\u00eda, por si fuera poco, BusGarraf ser\u00e1 tu aliado para desplazarte con seguridad de principio a fin. Como todos los a\u00f1os, este importante evento cuenta con dos segmentos: el S\u00f3nar de D\u00eda, [&hellip;]<\/p>\n","protected":false},"author":3,"featured_media":5979,"comment_status":"closed","ping_status":"open","sticky":false,"template":"","format":"standard","meta":{"_et_pb_use_builder":"off","_et_pb_old_content":"","_et_gb_content_width":"","footnotes":""},"categories":[4],"tags":[],"_links":{"self":[{"href":"https:\/\/busgarraf.cat\/es\/wp-json\/wp\/v2\/posts\/5978"}],"collection":[{"href":"https:\/\/busgarraf.cat\/es\/wp-json\/wp\/v2\/posts"}],"about":[{"href":"https:\/\/busgarraf.cat\/es\/wp-json\/wp\/v2\/types\/post"}],"author":[{"embeddable":true,"href":"https:\/\/busgarraf.cat\/es\/wp-json\/wp\/v2\/users\/3"}],"replies":[{"embeddable":true,"href":"https:\/\/busgarraf.cat\/es\/wp-json\/wp\/v2\/comments?post=5978"}],"version-history":[{"count":3,"href":"https:\/\/busgarraf.cat\/es\/wp-json\/wp\/v2\/posts\/5978\/revisions"}],"predecessor-version":[{"id":8705,"href":"https:\/\/busgarraf.cat\/es\/wp-json\/wp\/v2\/posts\/5978\/revisions\/8705"}],"wp:featuredmedia":[{"embeddable":true,"href":"https:\/\/busgarraf.cat\/es\/wp-json\/wp\/v2\/media\/5979"}],"wp:attachment":[{"href":"https:\/\/busgarraf.cat\/es\/wp-json\/wp\/v2\/media?parent=5978"}],"wp:term":[{"taxonomy":"category","embeddable":true,"href":"https:\/\/busgarraf.cat\/es\/wp-json\/wp\/v2\/categories?post=5978"},{"taxonomy":"post_tag","embeddable":true,"href":"https:\/\/busgarraf.cat\/es\/wp-json\/wp\/v2\/tags?post=5978"}],"curies":[{"name":"wp","href":"https:\/\/api.w.org\/{rel}","templated":true}]}}