{"id":6124,"date":"2023-07-03T08:10:00","date_gmt":"2023-07-03T08:10:00","guid":{"rendered":"https:\/\/busgarraf.cat\/?p=6124"},"modified":"2024-06-06T09:44:18","modified_gmt":"2024-06-06T09:44:18","slug":"fimpt-2023-festival-internacional-de-musica-popular-y-tradicional","status":"publish","type":"post","link":"https:\/\/busgarraf.cat\/es\/fimpt-2023-festival-internacional-de-musica-popular-y-tradicional\/","title":{"rendered":"FIMPT 2023 &#8211; Festival Internacional de m\u00fasica popular y tradicional"},"content":{"rendered":"\n<p><\/p>\n\n\n\n<p>El <strong>Festival Internacional de M\u00fasica Popular y Tradicional FIMPT 2023<\/strong> es un evento que no deber\u00edas perderte de m\u00fasica y cultura. Este evento re\u00fane a artistas internacionales y locales que presentan sus trabajos en un ambiente de gran intercambio cultural. Y la mejor forma de llegar all\u00ed es con<a href=\"https:\/\/busgarraf.cat\/es\/lineas\/\"> <strong>BusGarraf<\/strong><\/a>, tu transporte de confianza.<\/p>\n\n\n\n<p><\/p>\n\n\n\n<p><strong><strong><strong>\u00bfQu\u00e9 es el FIMPT?<\/strong><\/strong><\/strong><\/p>\n\n\n\n<p>El FIMPT es un festival que celebra la diversidad musical y cultural, desde el 6 al 9 de julio. A trav\u00e9s de conciertos, talleres y presentaciones, este evento brinda una oportunidad para disfrutar de la m\u00fasica de diversas partes del mundo. No solo es una celebraci\u00f3n de la m\u00fasica, sino tambi\u00e9n de las ra\u00edces culturales y tradiciones de los pueblos.<\/p>\n\n\n\n<p><\/p>\n\n\n\n<p><strong><strong><strong>Transporte al FIMPT con BusGarraf<\/strong><\/strong><\/strong><\/p>\n\n\n\n<p>Para asistir al FIMPT 2023, <strong>BusGarraf<\/strong> es tu mejor opci\u00f3n. Con rutas que van desde diferentes puntos de la ciudad, incluyendo un servicio de<a href=\"https:\/\/busgarraf.cat\/es\/lineas\/\"> <strong>bus nocturno Barcelona<\/strong><\/a>, te ofrecemos una manera f\u00e1cil y c\u00f3moda de llegar al festival. No te preocupes por la conducci\u00f3n o el estacionamiento, simplemente elige tu asiento, rel\u00e1jate y disfruta del trayecto.<\/p>\n\n\n\n<p><\/p>\n\n\n\n<p>Adem\u00e1s, para aquellos que vienen desde Barcelona, tambi\u00e9n disponemos del<a href=\"https:\/\/busgarraf.cat\/es\/lineas\/\"> <strong>bus Barcelona Vilanova<\/strong><\/a>. Un servicio que te llevar\u00e1 directamente desde la Ciudad Condal hasta el coraz\u00f3n del festival en Vilanova i la Geltr\u00fa.<\/p>\n\n\n\n<p><\/p>\n\n\n\n<p><strong><strong>Prepar\u00e1ndote para el FIMPT 2023<\/strong><\/strong><\/p>\n\n\n\n<p>Antes de subirte a nuestro bus, aseg\u00farate de tener todo lo que necesitas para disfrutar del festival. Lleva tu entrada, una botella de agua, tu c\u00e1mara y, por supuesto, tu amor por la m\u00fasica.<\/p>\n\n\n\n<p>Este a\u00f1o, \u00fanete a la diversi\u00f3n y emoci\u00f3n que aporta la m\u00fasica popular y tradicional. \u00a1Nos vemos en el FIMPT 2023!<\/p>\n\n\n\n<p><\/p>\n\n\n\n<p><\/p>\n\n\n\n<p><\/p>\n\n\n\n<figure class=\"wp-block-image aligncenter size-full is-resized\"><img decoding=\"async\" src=\"https:\/\/busgarraf.cat\/wp-content\/uploads\/2023\/07\/bus-nocturno-barcelona.jpg\" alt=\"bus nocturno barcelona\" class=\"wp-image-6135\" style=\"aspect-ratio:16\/9;object-fit:cover;width:1000px\" width=\"1000\"\/><\/figure>\n","protected":false},"excerpt":{"rendered":"<p>El Festival Internacional de M\u00fasica Popular y Tradicional FIMPT 2023 es un evento que no deber\u00edas perderte de m\u00fasica y cultura. Este evento re\u00fane a artistas internacionales y locales que presentan sus trabajos en un ambiente de gran intercambio cultural. Y la mejor forma de llegar all\u00ed es con BusGarraf, tu transporte de confianza. \u00bfQu\u00e9 [&hellip;]<\/p>\n","protected":false},"author":3,"featured_media":6135,"comment_status":"closed","ping_status":"open","sticky":false,"template":"","format":"standard","meta":{"_et_pb_use_builder":"off","_et_pb_old_content":"","_et_gb_content_width":"","footnotes":""},"categories":[4],"tags":[],"_links":{"self":[{"href":"https:\/\/busgarraf.cat\/es\/wp-json\/wp\/v2\/posts\/6124"}],"collection":[{"href":"https:\/\/busgarraf.cat\/es\/wp-json\/wp\/v2\/posts"}],"about":[{"href":"https:\/\/busgarraf.cat\/es\/wp-json\/wp\/v2\/types\/post"}],"author":[{"embeddable":true,"href":"https:\/\/busgarraf.cat\/es\/wp-json\/wp\/v2\/users\/3"}],"replies":[{"embeddable":true,"href":"https:\/\/busgarraf.cat\/es\/wp-json\/wp\/v2\/comments?post=6124"}],"version-history":[{"count":4,"href":"https:\/\/busgarraf.cat\/es\/wp-json\/wp\/v2\/posts\/6124\/revisions"}],"predecessor-version":[{"id":8696,"href":"https:\/\/busgarraf.cat\/es\/wp-json\/wp\/v2\/posts\/6124\/revisions\/8696"}],"wp:featuredmedia":[{"embeddable":true,"href":"https:\/\/busgarraf.cat\/es\/wp-json\/wp\/v2\/media\/6135"}],"wp:attachment":[{"href":"https:\/\/busgarraf.cat\/es\/wp-json\/wp\/v2\/media?parent=6124"}],"wp:term":[{"taxonomy":"category","embeddable":true,"href":"https:\/\/busgarraf.cat\/es\/wp-json\/wp\/v2\/categories?post=6124"},{"taxonomy":"post_tag","embeddable":true,"href":"https:\/\/busgarraf.cat\/es\/wp-json\/wp\/v2\/tags?post=6124"}],"curies":[{"name":"wp","href":"https:\/\/api.w.org\/{rel}","templated":true}]}}