{"id":6537,"date":"2023-08-30T09:06:00","date_gmt":"2023-08-30T09:06:00","guid":{"rendered":"https:\/\/busgarraf.cat\/?p=6537"},"modified":"2024-06-06T09:36:46","modified_gmt":"2024-06-06T09:36:46","slug":"hoy-te-llevamos-al-mercadillo-semanal-de-cunit","status":"publish","type":"post","link":"https:\/\/busgarraf.cat\/es\/hoy-te-llevamos-al-mercadillo-semanal-de-cunit\/","title":{"rendered":"Hoy te llevamos al Mercadillo semanal de Cunit"},"content":{"rendered":"\n<p>Cada semana, Cunit se transforma para albergar uno de los eventos m\u00e1s esperados por locales y visitantes: su emblem\u00e1tico&nbsp;<strong>mercadillo semanal<\/strong>. Un lugar donde la tradici\u00f3n, la cultura y las mejores ofertas se encuentran en un mismo espacio.<\/p>\n\n\n\n<p><\/p>\n\n\n\n<p><strong>Llega con comodidad,&nbsp;con BusGarraf<\/strong><\/p>\n\n\n\n<p>\u00bfQuieres vivir la experiencia del mercadillo sin preocuparte por c\u00f3mo llegar?<a href=\"https:\/\/busgarraf.cat\/es\/\" target=\"_blank\" rel=\"noreferrer noopener\">&nbsp;<strong>BusGarraf<\/strong><\/a>&nbsp;es tu soluci\u00f3n,&nbsp;con nuestra l\u00ednea Camils-Vilanova-Cubelles-Cunit. D\u00e9jate llevar por nuestro servicio c\u00f3modo y seguro.<\/p>\n\n\n\n<p><\/p>\n\n\n\n<p><strong>Un recorrido por el mercadillo de Cunit<\/strong><\/p>\n\n\n\n<p><\/p>\n\n\n\n<p>A primera vista, el&nbsp;<strong>mercadillo de Cunit<\/strong>&nbsp;parece un colorido laberinto de puestos. Aqu\u00ed puedes encontrar desde frutas y verduras frescas, pasando por ropa de temporada,&nbsp;hasta curiosidades que no imaginar\u00edas. No solo es una oportunidad para comprar, sino tambi\u00e9n para sumergirse en la vida y tradici\u00f3n local,&nbsp;con sus m\u00e1s de 85 puestos de venta.<\/p>\n\n\n\n<p><\/p>\n\n\n\n<p><strong>El encanto de Cunit,&nbsp;en cada puesto<\/strong><\/p>\n\n\n\n<p>Lo que hace especial al&nbsp;<strong>mercadillo semanal de Cunit<\/strong>&nbsp;no son solo sus productos, sino la gente que est\u00e1 detr\u00e1s de cada puesto. Escuchar sus historias, aprender sobre la procedencia de cada art\u00edculo y descubrir secretos locales son solo algunas de las experiencias que puedes vivir aqu\u00ed.<\/p>\n\n\n\n<p><\/p>\n\n\n\n<p>As\u00ed que, la pr\u00f3xima vez que pienses en una escapada cultural, llena de tradici\u00f3n y buenos productos, el&nbsp;<strong>Mercadillo semanal de Cunit<\/strong>&nbsp;y&nbsp;<a href=\"https:\/\/busgarraf.cat\/es\/\" target=\"_blank\" rel=\"noreferrer noopener\"><strong>BusGarraf<\/strong><\/a>&nbsp;deben estar en tu lista. \u00a1Nos vemos en el mercadillo!<\/p>\n\n\n\n<p><\/p>\n\n\n\n<p><\/p>\n\n\n\n<figure class=\"wp-block-image aligncenter size-full is-resized\"><img decoding=\"async\" src=\"https:\/\/busgarraf.cat\/wp-content\/uploads\/2023\/08\/busgarraf-1.jpg\" alt=\"busgarraf\" class=\"wp-image-6538\" style=\"aspect-ratio:16\/9;object-fit:cover;width:1000px\" width=\"1000\"\/><\/figure>\n\n\n\n<figure class=\"wp-block-gallery has-nested-images columns-default is-cropped wp-block-gallery-1 is-layout-flex wp-block-gallery-is-layout-flex\"><\/figure>\n","protected":false},"excerpt":{"rendered":"<p>Cada semana, Cunit se transforma para albergar uno de los eventos m\u00e1s esperados por locales y visitantes: su emblem\u00e1tico&nbsp;mercadillo semanal. Un lugar donde la tradici\u00f3n, la cultura y las mejores ofertas se encuentran en un mismo espacio. Llega con comodidad,&nbsp;con BusGarraf \u00bfQuieres vivir la experiencia del mercadillo sin preocuparte por c\u00f3mo llegar?&nbsp;BusGarraf&nbsp;es tu soluci\u00f3n,&nbsp;con nuestra [&hellip;]<\/p>\n","protected":false},"author":3,"featured_media":6538,"comment_status":"closed","ping_status":"open","sticky":false,"template":"","format":"standard","meta":{"_et_pb_use_builder":"off","_et_pb_old_content":"","_et_gb_content_width":"","footnotes":""},"categories":[4],"tags":[],"_links":{"self":[{"href":"https:\/\/busgarraf.cat\/es\/wp-json\/wp\/v2\/posts\/6537"}],"collection":[{"href":"https:\/\/busgarraf.cat\/es\/wp-json\/wp\/v2\/posts"}],"about":[{"href":"https:\/\/busgarraf.cat\/es\/wp-json\/wp\/v2\/types\/post"}],"author":[{"embeddable":true,"href":"https:\/\/busgarraf.cat\/es\/wp-json\/wp\/v2\/users\/3"}],"replies":[{"embeddable":true,"href":"https:\/\/busgarraf.cat\/es\/wp-json\/wp\/v2\/comments?post=6537"}],"version-history":[{"count":4,"href":"https:\/\/busgarraf.cat\/es\/wp-json\/wp\/v2\/posts\/6537\/revisions"}],"predecessor-version":[{"id":8649,"href":"https:\/\/busgarraf.cat\/es\/wp-json\/wp\/v2\/posts\/6537\/revisions\/8649"}],"wp:featuredmedia":[{"embeddable":true,"href":"https:\/\/busgarraf.cat\/es\/wp-json\/wp\/v2\/media\/6538"}],"wp:attachment":[{"href":"https:\/\/busgarraf.cat\/es\/wp-json\/wp\/v2\/media?parent=6537"}],"wp:term":[{"taxonomy":"category","embeddable":true,"href":"https:\/\/busgarraf.cat\/es\/wp-json\/wp\/v2\/categories?post=6537"},{"taxonomy":"post_tag","embeddable":true,"href":"https:\/\/busgarraf.cat\/es\/wp-json\/wp\/v2\/tags?post=6537"}],"curies":[{"name":"wp","href":"https:\/\/api.w.org\/{rel}","templated":true}]}}