{"id":7002,"date":"2023-11-20T17:00:00","date_gmt":"2023-11-20T17:00:00","guid":{"rendered":"https:\/\/busgarraf.cat\/?p=7002"},"modified":"2024-06-06T09:25:16","modified_gmt":"2024-06-06T09:25:16","slug":"llega-al-concierto-de-manolo-garcia-en-tarragona-con-busgarraf","status":"publish","type":"post","link":"https:\/\/busgarraf.cat\/es\/llega-al-concierto-de-manolo-garcia-en-tarragona-con-busgarraf\/","title":{"rendered":"Llega al concierto de Manolo Garc\u00eda, en Tarragona, con BusGarraf"},"content":{"rendered":"\n<p>El cantautor y compositor espa\u00f1ol, <strong>Manolo Garc\u00eda<\/strong>, llega a <strong>Tarragona<\/strong>, este pr\u00f3ximo jueves,<strong> 23 de noviembre<\/strong>, para presentar su <strong>Gira de Teatros 2023<\/strong>. El concierto se celebrar\u00e1 en el <strong>Palau Firal i de Congressos <\/strong>de la ciudad tarraconense y se prev\u00e9 que sea todo un \u00e9xito.&nbsp;<\/p>\n\n\n\n<p><\/p>\n\n\n\n<h2 class=\"wp-block-heading\"><strong><strong><strong>Manolo Garc\u00eda presenta su \u00e1lbum doble<\/strong><\/strong><\/strong><\/h2>\n\n\n\n<p><\/p>\n\n\n\n<p>Esta nueva gira del cantante tiene como objetivo dar a conocer su nuevo doble \u00e1lbum \u2018<strong>Mi vida en Marte<\/strong>\u2019 y \u2018<strong>Desatinos Desplumados<\/strong>\u2019, que apuesta por un estilo pop rock renovado, que incluye un total de 27 nuevos temas. Se trata del octavo \u00e1lbum del cantante, en solitario.&nbsp;&nbsp;<\/p>\n\n\n\n<p>Cabe recordar que Manolo Garc\u00eda empez\u00f3 su carrera musical en 1980, con el grupo Los R\u00e1pidos; y, posteriormente, cre\u00f3 Los Burros. Uno de los hechos m\u00e1s relevantes de su trayectoria fue su participaci\u00f3n en el d\u00fao<strong> El \u00daltimo de la Fila<\/strong>, desde 1984, el cual fue disuelto, en el 1998. A partir de ese momento, se ha dedicado a la <strong>m\u00fasica<\/strong> en solitario, consiguiendo una treintena de Discos de Platino.&nbsp;<\/p>\n\n\n\n<p><\/p>\n\n\n\n<h2 class=\"wp-block-heading\"><strong>C\u00f3mo llegar al concierto<\/strong><\/h2>\n\n\n\n<p>Para que puedas <strong>disfrutar de este gran concierto<\/strong> de Manolo Garc\u00eda, <a href=\"https:\/\/busgarraf.cat\/es\/\" target=\"_blank\" rel=\"noreferrer noopener\"><strong>BusGarraf<\/strong><\/a> te lleva hasta <strong>Tarragona<\/strong>, gracias a su<strong> <\/strong><a href=\"https:\/\/busgarraf.cat\/es\/lineas\/\" target=\"_blank\" rel=\"noreferrer noopener\"><strong>l\u00ednea Vilanova i la Geltr\u00fa &#8211; Tarragona<\/strong><\/a>, con <strong>horarios frecuentes<\/strong> para que puedas llegar, de forma c\u00f3moda y r\u00e1pida, a tu destino.&nbsp;<\/p>\n\n\n\n<p><\/p>\n\n\n\n<p><\/p>\n\n\n\n<p><\/p>\n\n\n\n<figure class=\"wp-block-image aligncenter size-full is-resized\"><img decoding=\"async\" src=\"https:\/\/busgarraf.cat\/wp-content\/uploads\/2023\/11\/Concierto-Manolo-Garcia-Tarragona-bus.jpg\" alt=\"\" class=\"wp-image-7003\" style=\"aspect-ratio:16\/9;object-fit:cover;width:1000px\" width=\"1000\"\/><\/figure>\n\n\n\n<figure class=\"wp-block-gallery has-nested-images columns-default is-cropped wp-block-gallery-1 is-layout-flex wp-block-gallery-is-layout-flex\"><\/figure>\n","protected":false},"excerpt":{"rendered":"<p>El cantautor y compositor espa\u00f1ol, Manolo Garc\u00eda, llega a Tarragona, este pr\u00f3ximo jueves, 23 de noviembre, para presentar su Gira de Teatros 2023. El concierto se celebrar\u00e1 en el Palau Firal i de Congressos de la ciudad tarraconense y se prev\u00e9 que sea todo un \u00e9xito.&nbsp; Manolo Garc\u00eda presenta su \u00e1lbum doble Esta nueva gira [&hellip;]<\/p>\n","protected":false},"author":4,"featured_media":7003,"comment_status":"closed","ping_status":"open","sticky":false,"template":"","format":"standard","meta":{"_et_pb_use_builder":"off","_et_pb_old_content":"","_et_gb_content_width":"","footnotes":""},"categories":[4],"tags":[],"_links":{"self":[{"href":"https:\/\/busgarraf.cat\/es\/wp-json\/wp\/v2\/posts\/7002"}],"collection":[{"href":"https:\/\/busgarraf.cat\/es\/wp-json\/wp\/v2\/posts"}],"about":[{"href":"https:\/\/busgarraf.cat\/es\/wp-json\/wp\/v2\/types\/post"}],"author":[{"embeddable":true,"href":"https:\/\/busgarraf.cat\/es\/wp-json\/wp\/v2\/users\/4"}],"replies":[{"embeddable":true,"href":"https:\/\/busgarraf.cat\/es\/wp-json\/wp\/v2\/comments?post=7002"}],"version-history":[{"count":3,"href":"https:\/\/busgarraf.cat\/es\/wp-json\/wp\/v2\/posts\/7002\/revisions"}],"predecessor-version":[{"id":8583,"href":"https:\/\/busgarraf.cat\/es\/wp-json\/wp\/v2\/posts\/7002\/revisions\/8583"}],"wp:featuredmedia":[{"embeddable":true,"href":"https:\/\/busgarraf.cat\/es\/wp-json\/wp\/v2\/media\/7003"}],"wp:attachment":[{"href":"https:\/\/busgarraf.cat\/es\/wp-json\/wp\/v2\/media?parent=7002"}],"wp:term":[{"taxonomy":"category","embeddable":true,"href":"https:\/\/busgarraf.cat\/es\/wp-json\/wp\/v2\/categories?post=7002"},{"taxonomy":"post_tag","embeddable":true,"href":"https:\/\/busgarraf.cat\/es\/wp-json\/wp\/v2\/tags?post=7002"}],"curies":[{"name":"wp","href":"https:\/\/api.w.org\/{rel}","templated":true}]}}