{"id":7150,"date":"2023-12-29T16:00:00","date_gmt":"2023-12-29T16:00:00","guid":{"rendered":"https:\/\/busgarraf.cat\/?p=7150"},"modified":"2024-06-06T09:23:08","modified_gmt":"2024-06-06T09:23:08","slug":"xxiii-edicion-de-la-san-silvestre-de-cunit","status":"publish","type":"post","link":"https:\/\/busgarraf.cat\/es\/xxiii-edicion-de-la-san-silvestre-de-cunit\/","title":{"rendered":"XXIII edici\u00f3n de la San Silvestre de Cunit"},"content":{"rendered":"\n<p>El \u00faltimo d\u00eda del a\u00f1o, prep\u00e1rate para despedirlo de una manera activa en la <strong>XXIII edici\u00f3n de la San Silvestre de Cunit<\/strong>. La emblem\u00e1tica carrera se llevar\u00e1 a cabo en las pintorescas calles de Cunit, comenzando con la <strong>Menuda San Silvestre<\/strong>, a las <strong>17:00 horas<\/strong>, y siguiendo con los <strong>5 km<\/strong>, a las <strong>17:30 horas<\/strong>, desde el <strong>Pabell\u00f3n Municipal Els Joncs<\/strong>.&nbsp;<\/p>\n\n\n\n<p><\/p>\n\n\n\n<h2 class=\"wp-block-heading\"><strong><strong>A\u00f1o Nuevo, Carrera Nueva<\/strong><\/strong><\/h2>\n\n\n\n<p><\/p>\n\n\n\n<p>La San Silvestre de Cunit es una tradici\u00f3n anual que re\u00fane a amantes del deporte para despedir el a\u00f1o, de manera divertida. En este evento, encontramos dos pruebas: la carrera de los 5 km y la Menuda San Silvestre, dirigida a los corredores m\u00e1s j\u00f3venes.&nbsp;&nbsp;<\/p>\n\n\n\n<p>El recorrido de <strong>5 km<\/strong> promete ser emocionante, con participantes de todas las edades; y, si lo prefieres, con la modalidad de <strong>marcha n\u00f3rdica<\/strong>. La <strong>entrega de premios<\/strong> se realizar\u00e1 a las <strong>18:30 horas<\/strong>, dividiendo los galardones en siete categor\u00edas.&nbsp;&nbsp;&nbsp;<\/p>\n\n\n\n<p>Para los <strong>corredores m\u00e1s peque\u00f1os<\/strong>, encontramos la <strong>Menuda San Silvestre<\/strong>. Esta carrera consta de tres distancias: <strong>300 m<\/strong>,<strong> 600 m <\/strong>y<strong> 1.200 m<\/strong>. Para fomentar los valores del deporte, no habr\u00e1 clasificaci\u00f3n ni ganador y se entregar\u00e1n regalos a todos los participantes.&nbsp;<\/p>\n\n\n\n<p><\/p>\n\n\n\n<h2 class=\"wp-block-heading\"><strong>BusGarraf te lleva a Cunit<\/strong><\/h2>\n\n\n\n<p>Si planeas unirte a la emoci\u00f3n de la carrera, <a href=\"https:\/\/busgarraf.cat\/es\/\" target=\"_blank\" rel=\"noreferrer noopener\"><strong>BusGarraf<\/strong><\/a> pone a tu disposici\u00f3n las l\u00edneas <a href=\"https:\/\/busgarraf.cat\/es\/lineas\/\" target=\"_blank\" rel=\"noreferrer noopener\"><strong>Camils \u2013 Vilanova i la Geltr\u00fa \u2013 Cubelles \u2013 Cunit<\/strong><\/a>, <a href=\"https:\/\/busgarraf.cat\/es\/lineas\/\" target=\"_blank\" rel=\"noreferrer noopener\"><strong>Vilanova i la Geltr\u00fa \u2013 El Vendrell<\/strong><\/a> y <a href=\"https:\/\/busgarraf.cat\/es\/lineas\/\" target=\"_blank\" rel=\"noreferrer noopener\"><strong>Vilanova i la Geltr\u00fa \u2013 Tarragona<\/strong><\/a> para llegar, c\u00f3modamente, a Cunit, \u00a1y con las pilas bien cargadas! Puedes consultar todos los horarios en nuestra <a href=\"https:\/\/busgarraf.cat\/es\/\" target=\"_blank\" rel=\"noreferrer noopener\"><strong>p\u00e1gina web<\/strong><\/a>.&nbsp;<\/p>\n\n\n\n<p><\/p>\n\n\n\n<p><\/p>\n\n\n\n<p><\/p>\n\n\n\n<figure class=\"wp-block-image aligncenter size-full is-resized\"><img decoding=\"async\" src=\"https:\/\/busgarraf.cat\/wp-content\/uploads\/2023\/12\/Sant-Silvestre-de-Cunit-bus.jpg\" alt=\"transporte p\u00fablico\" class=\"wp-image-7151\" style=\"aspect-ratio:16\/9;object-fit:cover;width:1000px\" width=\"1000\"\/><\/figure>\n\n\n\n<figure class=\"wp-block-gallery has-nested-images columns-default is-cropped wp-block-gallery-1 is-layout-flex wp-block-gallery-is-layout-flex\"><\/figure>\n","protected":false},"excerpt":{"rendered":"<p>El \u00faltimo d\u00eda del a\u00f1o, prep\u00e1rate para despedirlo de una manera activa en la XXIII edici\u00f3n de la San Silvestre de Cunit. La emblem\u00e1tica carrera se llevar\u00e1 a cabo en las pintorescas calles de Cunit, comenzando con la Menuda San Silvestre, a las 17:00 horas, y siguiendo con los 5 km, a las 17:30 horas, [&hellip;]<\/p>\n","protected":false},"author":4,"featured_media":7151,"comment_status":"closed","ping_status":"open","sticky":false,"template":"","format":"standard","meta":{"_et_pb_use_builder":"off","_et_pb_old_content":"","_et_gb_content_width":"","footnotes":""},"categories":[4],"tags":[],"_links":{"self":[{"href":"https:\/\/busgarraf.cat\/es\/wp-json\/wp\/v2\/posts\/7150"}],"collection":[{"href":"https:\/\/busgarraf.cat\/es\/wp-json\/wp\/v2\/posts"}],"about":[{"href":"https:\/\/busgarraf.cat\/es\/wp-json\/wp\/v2\/types\/post"}],"author":[{"embeddable":true,"href":"https:\/\/busgarraf.cat\/es\/wp-json\/wp\/v2\/users\/4"}],"replies":[{"embeddable":true,"href":"https:\/\/busgarraf.cat\/es\/wp-json\/wp\/v2\/comments?post=7150"}],"version-history":[{"count":3,"href":"https:\/\/busgarraf.cat\/es\/wp-json\/wp\/v2\/posts\/7150\/revisions"}],"predecessor-version":[{"id":8562,"href":"https:\/\/busgarraf.cat\/es\/wp-json\/wp\/v2\/posts\/7150\/revisions\/8562"}],"wp:featuredmedia":[{"embeddable":true,"href":"https:\/\/busgarraf.cat\/es\/wp-json\/wp\/v2\/media\/7151"}],"wp:attachment":[{"href":"https:\/\/busgarraf.cat\/es\/wp-json\/wp\/v2\/media?parent=7150"}],"wp:term":[{"taxonomy":"category","embeddable":true,"href":"https:\/\/busgarraf.cat\/es\/wp-json\/wp\/v2\/categories?post=7150"},{"taxonomy":"post_tag","embeddable":true,"href":"https:\/\/busgarraf.cat\/es\/wp-json\/wp\/v2\/tags?post=7150"}],"curies":[{"name":"wp","href":"https:\/\/api.w.org\/{rel}","templated":true}]}}