{"id":7325,"date":"2024-02-15T11:00:00","date_gmt":"2024-02-15T11:00:00","guid":{"rendered":"https:\/\/busgarraf.cat\/?p=7325"},"modified":"2024-06-06T09:03:14","modified_gmt":"2024-06-06T09:03:14","slug":"descubre-como-llegar-a-la-capital-castellera-valls-con-busgarraf","status":"publish","type":"post","link":"https:\/\/busgarraf.cat\/es\/descubre-como-llegar-a-la-capital-castellera-valls-con-busgarraf\/","title":{"rendered":"Descubre c\u00f3mo llegar a la capital castellera, Valls, con BusGarraf"},"content":{"rendered":"\n<p>Adentr\u00e1ndonos en la comarca del Alt Camp, nos encontramos con <strong>Valls<\/strong>, el municipio que dio nacimiento a la tradici\u00f3n catalana de los <strong>castellers<\/strong>. La capital de comarca cuenta con unas tradiciones muy arraigadas, un gran patrimonio y una rica gastronom\u00eda. Con <a href=\"https:\/\/busgarraf.cat\/es\/\"><strong>BusGarraf<\/strong><\/a> puedes llegar hasta la ciudad, con la <a href=\"https:\/\/busgarraf.cat\/es\/lineas\/\"><strong>l\u00ednea Valls \u2013 El Vendrell \u2013 Calafell<\/strong><\/a>.<\/p>\n\n\n\n<p><\/p>\n\n\n\n<h2 class=\"wp-block-heading\"><strong><strong><strong><strong><strong><strong><strong><strong><strong><strong>Descubre el patrimonio y tradiciones de Valls<\/strong><\/strong><\/strong><\/strong><\/strong><\/strong><\/strong><\/strong><\/strong><\/strong><\/h2>\n\n\n\n<p><\/p>\n\n\n\n<p>La capital de comarca, adem\u00e1s de ser <strong>kil\u00f3metro cero de los castellers<\/strong>, tambi\u00e9n es la ciudad de <strong>origen de la \u201ccal\u00e7otada\u201d<\/strong>; dos tradiciones que, hoy en d\u00eda, son representativas de Catalu\u00f1a y, sobre todo, de Valls.<\/p>\n\n\n\n<p>Es de obligada visita, en la ciudad, la <strong>iglesia de Sant Joan<\/strong> y su campanario, el m\u00e1s alto de Catalu\u00f1a. Tambi\u00e9n, caminando por las calles del <strong>Barri Antic<\/strong>, descubrir\u00e1s la belleza de sus plazas, te encontrar\u00e1s con el <a href=\"https:\/\/www.valls.cat\/la-ciutat\/descobreix-valls?id=442\" target=\"_blank\" rel=\"noopener\"><strong>Call Jueu<\/strong><\/a> y podr\u00e1s entrar a visitar el <strong>Museu de Valls<\/strong>, popular por la gran colecci\u00f3n de piezas de arte de artistas catalanes.<\/p>\n\n\n\n<h2 class=\"wp-block-heading\"><strong><strong><strong><strong><strong>BusGarraf te lleva a conocer Valls<\/strong><\/strong><\/strong><\/strong><\/strong><\/h2>\n\n\n\n<p>Pasa un incre\u00edble d\u00eda en <strong>Valls<\/strong>, viajando con <a href=\"https:\/\/busgarraf.cat\/es\/\"><strong>BusGarraf<\/strong>,<\/a> de manera r\u00e1pida y c\u00f3moda. Con la <a href=\"https:\/\/busgarraf.cat\/es\/lineas\/\"><strong>l\u00ednea Valls \u2013 El Vendrell \u2013 Calafell<\/strong><\/a>,llegar a la ciudad es muy f\u00e1cil. Consulta la <a href=\"https:\/\/busgarraf.cat\/es\/\"><strong>p\u00e1gina web<\/strong><\/a>, donde encontrar\u00e1s toda la informaci\u00f3n y todos los horarios disponibles.<\/p>\n\n\n\n<p><\/p>\n\n\n\n<p><\/p>\n\n\n\n<p><\/p>\n\n\n\n<p><\/p>\n\n\n\n<p><\/p>\n\n\n\n<figure class=\"wp-block-image aligncenter size-full is-resized\"><img decoding=\"async\" src=\"https:\/\/busgarraf.cat\/wp-content\/uploads\/2024\/02\/Valls.jpg\" alt=\"\" class=\"wp-image-7330\" style=\"aspect-ratio:16\/9;object-fit:cover;width:1000px\" width=\"1000\"\/><\/figure>\n\n\n\n<figure class=\"wp-block-gallery has-nested-images columns-default is-cropped wp-block-gallery-1 is-layout-flex wp-block-gallery-is-layout-flex\"><\/figure>\n","protected":false},"excerpt":{"rendered":"<p>Adentr\u00e1ndonos en la comarca del Alt Camp, nos encontramos con Valls, el municipio que dio nacimiento a la tradici\u00f3n catalana de los castellers. La capital de comarca cuenta con unas tradiciones muy arraigadas, un gran patrimonio y una rica gastronom\u00eda. Con BusGarraf puedes llegar hasta la ciudad, con la l\u00ednea Valls \u2013 El Vendrell \u2013 [&hellip;]<\/p>\n","protected":false},"author":4,"featured_media":7335,"comment_status":"closed","ping_status":"open","sticky":false,"template":"","format":"standard","meta":{"_et_pb_use_builder":"off","_et_pb_old_content":"<!-- wp:paragraph -->\n<p>El <a href=\"https:\/\/www.barcelona.cat\/llumbcn\/ca\" target=\"_blank\" rel=\"noreferrer noopener\"><strong>Festival de Llum<\/strong><\/a> arriba a <strong>Barcelona<\/strong>. Celebra la diversitat cultural a trav\u00e9s de projeccions lluminoses que reten homenatge a l'her\u00e8ncia de Barcelona i amb murals de llum que donen vida a l'arquitectura centen\u00e0ria. La Sagrada Fam\u00edlia es converteix en un <strong>espectacle <\/strong>tridimensional, on els detalls arquitect\u00f2nics cobren vida en una dansa de <strong>colors i formes<\/strong>.\u00a0<\/p>\n<!-- \/wp:paragraph -->\n\n<!-- wp:paragraph -->\n<p><\/p>\n<!-- \/wp:paragraph -->\n\n<!-- wp:heading -->\n<h2 class=\"wp-block-heading\"><strong><strong><strong><strong><strong><strong><strong><strong>No t'ho perdis!<\/strong>\u00a0<\/strong><\/strong><\/strong><\/strong><\/strong><\/strong><\/strong><\/h2>\n<!-- \/wp:heading -->\n\n<!-- wp:paragraph -->\n<p><\/p>\n<!-- \/wp:paragraph -->\n\n<!-- wp:paragraph -->\n<p>Durant els dies <strong>2<\/strong>,<strong> 3 <\/strong>i<strong> 4 de febrer<\/strong>, el festival impregna les nits de <strong>m\u00fasica<\/strong>, amb escenaris il\u00b7luminats que ofereixen <strong>actuacions d'artistes <\/strong>locals i internacionals. La fusi\u00f3 de so i il\u00b7luminaci\u00f3 crea un ambient m\u00e0gic. \u00c9s una celebraci\u00f3 que barreja la tradici\u00f3, la tecnologia i la sostenibilitat, en la qual Barcelona es converteix en un llen\u00e7 viu on la llum \u00e9s la protagonista, creant una<strong> experi\u00e8ncia \u00fanica<\/strong>.\u00a0<\/p>\n<!-- \/wp:paragraph -->\n\n<!-- wp:paragraph -->\n<p><\/p>\n<!-- \/wp:paragraph -->\n\n<!-- wp:heading -->\n<h2 class=\"wp-block-heading\"><strong><strong><strong>Vols arribar al festival de Llum de Barcelona?<\/strong>\u00a0<\/strong><\/strong><\/h2>\n<!-- \/wp:heading -->\n\n<!-- wp:paragraph -->\n<p>L'autob\u00fas \u00e9s una bona opci\u00f3 per a arribar al festival de Llum a Barcelona. <strong>BusGarraf <\/strong>us ho posa molt f\u00e0cil, amb les l\u00ednies <a href=\"https:\/\/busgarraf.cat\/linies\/\" target=\"_blank\" rel=\"noreferrer noopener\"><strong>Sant Pere de Ribes - Barcelona<\/strong><\/a>, <a href=\"https:\/\/busgarraf.cat\/linies\/\" target=\"_blank\" rel=\"noreferrer noopener\"><strong>Vilanova i la Geltr\u00fa - Barcelona<\/strong><\/a>, <a href=\"https:\/\/busgarraf.cat\/linies\/\" target=\"_blank\" rel=\"noreferrer noopener\"><strong>Sitges - Barcelona<\/strong><\/a> i <a href=\"https:\/\/busgarraf.cat\/linies\/\" target=\"_blank\" rel=\"noreferrer noopener\"><strong>Vilanova Park \u2013 Vilanova i la Geltr\u00fa \u2013 Barcelona<\/strong><\/a>.&nbsp;<\/p>\n<!-- \/wp:paragraph -->\n\n<!-- wp:paragraph -->\n<p>A m\u00e9s, has de tenir en compte que <strong>BusGarraf <\/strong>disposa de l'<strong>autob\u00fas nocturn de Barcelona<\/strong>. Visita la nostra <a href=\"https:\/\/busgarraf.cat\" target=\"_blank\" rel=\"noreferrer noopener\"><strong>p\u00e0gina web<\/strong><\/a><strong> <\/strong>per a obtenir m\u00e9s informaci\u00f3 sobre les nostres <strong>l\u00ednies <\/strong>i <strong>horaris<\/strong><\/p>\n<!-- \/wp:paragraph -->\n\n<!-- wp:paragraph -->\n<p><\/p>\n<!-- \/wp:paragraph -->\n\n<!-- wp:paragraph -->\n<p><\/p>\n<!-- \/wp:paragraph -->\n\n<!-- wp:paragraph -->\n<p><\/p>\n<!-- \/wp:paragraph -->\n\n<!-- wp:paragraph -->\n<p><\/p>\n<!-- \/wp:paragraph -->\n\n<!-- wp:image {\"id\":7301,\"sizeSlug\":\"full\",\"linkDestination\":\"none\"} -->\n<figure class=\"wp-block-image size-full\"><img src=\"https:\/\/busgarraf.cat\/wp-content\/uploads\/2024\/02\/Festival-de-Llum-Barcelona.jpg\" alt=\"\" class=\"wp-image-7301\"\/><\/figure>\n<!-- \/wp:image -->\n\n<!-- wp:gallery {\"linkTo\":\"none\",\"sizeSlug\":\"full\"} -->\n<figure class=\"wp-block-gallery has-nested-images columns-default is-cropped\"><\/figure>\n<!-- \/wp:gallery -->","_et_gb_content_width":"","footnotes":""},"categories":[4],"tags":[],"_links":{"self":[{"href":"https:\/\/busgarraf.cat\/es\/wp-json\/wp\/v2\/posts\/7325"}],"collection":[{"href":"https:\/\/busgarraf.cat\/es\/wp-json\/wp\/v2\/posts"}],"about":[{"href":"https:\/\/busgarraf.cat\/es\/wp-json\/wp\/v2\/types\/post"}],"author":[{"embeddable":true,"href":"https:\/\/busgarraf.cat\/es\/wp-json\/wp\/v2\/users\/4"}],"replies":[{"embeddable":true,"href":"https:\/\/busgarraf.cat\/es\/wp-json\/wp\/v2\/comments?post=7325"}],"version-history":[{"count":3,"href":"https:\/\/busgarraf.cat\/es\/wp-json\/wp\/v2\/posts\/7325\/revisions"}],"predecessor-version":[{"id":8483,"href":"https:\/\/busgarraf.cat\/es\/wp-json\/wp\/v2\/posts\/7325\/revisions\/8483"}],"wp:featuredmedia":[{"embeddable":true,"href":"https:\/\/busgarraf.cat\/es\/wp-json\/wp\/v2\/media\/7335"}],"wp:attachment":[{"href":"https:\/\/busgarraf.cat\/es\/wp-json\/wp\/v2\/media?parent=7325"}],"wp:term":[{"taxonomy":"category","embeddable":true,"href":"https:\/\/busgarraf.cat\/es\/wp-json\/wp\/v2\/categories?post=7325"},{"taxonomy":"post_tag","embeddable":true,"href":"https:\/\/busgarraf.cat\/es\/wp-json\/wp\/v2\/tags?post=7325"}],"curies":[{"name":"wp","href":"https:\/\/api.w.org\/{rel}","templated":true}]}}