{"id":7422,"date":"2024-03-11T17:00:00","date_gmt":"2024-03-11T17:00:00","guid":{"rendered":"https:\/\/busgarraf.cat\/?p=7422"},"modified":"2024-06-06T09:02:13","modified_gmt":"2024-06-06T09:02:13","slug":"llega-el-festival-internacional-de-patchwork-sitges","status":"publish","type":"post","link":"https:\/\/busgarraf.cat\/es\/llega-el-festival-internacional-de-patchwork-sitges\/","title":{"rendered":"Llega el Festival Internacional de Patchwork Sitges"},"content":{"rendered":"\n<p>La localidad de <strong>Sitges<\/strong>, desde 2005, acoge el <strong>Festival Internacional de Patchwork<\/strong>, organizado por la Asociaci\u00f3n Espa\u00f1ola de Patchwork (AEP). El festival se ha convertido en uno de los eventos de referencia del Patchwork, tanto a nivel nacional, como a nivel internacional. Puedes llegar a Sitges, sin preocupaciones, con las l\u00edneas regulares de <a href=\"https:\/\/busgarraf.cat\/es\/\"><strong>BusGarraf<\/strong><\/a>.<\/p>\n\n\n\n<p><\/p>\n\n\n\n<h2 class=\"wp-block-heading\"><strong><strong><strong><strong><strong><strong><strong><strong><strong><strong>Conoce el arte del Patchwork<\/strong><\/strong><\/strong><\/strong><\/strong><\/strong><\/strong><\/strong><\/strong><\/strong><\/h2>\n\n\n\n<p><\/p>\n\n\n\n<p>El <strong>Patchwork<\/strong> es el <strong>arte textil<\/strong> de unir piezas de tela para construir dise\u00f1os m\u00e1s grandes. Se suelen intercalar distintos colores con diferentes formas de tela, creando, de este modo, un patr\u00f3n \u00fanico y original. Esta t\u00e9cnica, junto con el bordado acolchado llamado <strong>quilt<\/strong>, la vemos en muchas prendas de abrigo, como, por ejemplo, en colchas y mantas. &nbsp;<\/p>\n\n\n\n<p>El Festival Internacional de Patchwork Sitges atrae a un gran p\u00fablico, tanto es as\u00ed que, en la edici\u00f3n anterior, acudieron <strong>m\u00e1s de 20.000 personas<\/strong>. Este a\u00f1o 2024, se realizar\u00e1 del <strong>14 al 17 de marzo<\/strong> y la tem\u00e1tica ser\u00e1: <strong>Una mirada al pasado<\/strong>. La entrada a la Feria Comercial es <strong>gratuita<\/strong>, pero las exposiciones son de pago.<\/p>\n\n\n\n<p><\/p>\n\n\n\n<h2 class=\"wp-block-heading\"><strong><strong><strong><strong>\u00bfC\u00f3mo llegar a Sitges?<\/strong><\/strong><\/strong><\/strong><\/h2>\n\n\n\n<p><a href=\"https:\/\/busgarraf.cat\/es\/\"><strong>BusGarraf<\/strong><\/a> pone a tu disposici\u00f3n los horarios de sus l\u00edneas regulares <a href=\"https:\/\/busgarraf.cat\/es\/lineas\/\"><strong>e.16 Sitges \u2013 Barcelona<\/strong><\/a> y <a href=\"https:\/\/busgarraf.cat\/es\/lineas\/\"><strong>Vilanova i la Geltr\u00fa \u2013 Roquetes \u2013 Sitges \u2013 Aeroport \u2013 Bellvitge<\/strong><\/a>para llegar, f\u00e1cilmente, a Sitges. Tambi\u00e9n, dispones del autob\u00fas nocturno <a href=\"https:\/\/busgarraf.cat\/es\/lineas\/\"><strong>l\u00ednea NOCTURN Barcelona \u2013 Sitges \u2013 St. Pere de Ribes \u2013 Vilanova i la Geltr\u00fa \u2013 Vilafranca<\/strong><\/a> para moverte con tranquilidad entre las diferentes localidades. &nbsp;<\/p>\n\n\n\n<p><\/p>\n\n\n\n<p><\/p>\n\n\n\n<p><\/p>\n\n\n\n<figure class=\"wp-block-image aligncenter size-full is-resized\"><img decoding=\"async\" src=\"https:\/\/busgarraf.cat\/wp-content\/uploads\/2024\/02\/Patchwork-Sitges.jpg\" alt=\"\" class=\"wp-image-7423\" style=\"aspect-ratio:16\/9;object-fit:cover;width:1000px\" width=\"1000\"\/><\/figure>\n\n\n\n<figure class=\"wp-block-gallery has-nested-images columns-default is-cropped wp-block-gallery-1 is-layout-flex wp-block-gallery-is-layout-flex\"><\/figure>\n","protected":false},"excerpt":{"rendered":"<p>La localidad de Sitges, desde 2005, acoge el Festival Internacional de Patchwork, organizado por la Asociaci\u00f3n Espa\u00f1ola de Patchwork (AEP). El festival se ha convertido en uno de los eventos de referencia del Patchwork, tanto a nivel nacional, como a nivel internacional. Puedes llegar a Sitges, sin preocupaciones, con las l\u00edneas regulares de BusGarraf. Conoce [&hellip;]<\/p>\n","protected":false},"author":4,"featured_media":7423,"comment_status":"closed","ping_status":"open","sticky":false,"template":"","format":"standard","meta":{"_et_pb_use_builder":"off","_et_pb_old_content":"","_et_gb_content_width":"","footnotes":""},"categories":[4],"tags":[],"_links":{"self":[{"href":"https:\/\/busgarraf.cat\/es\/wp-json\/wp\/v2\/posts\/7422"}],"collection":[{"href":"https:\/\/busgarraf.cat\/es\/wp-json\/wp\/v2\/posts"}],"about":[{"href":"https:\/\/busgarraf.cat\/es\/wp-json\/wp\/v2\/types\/post"}],"author":[{"embeddable":true,"href":"https:\/\/busgarraf.cat\/es\/wp-json\/wp\/v2\/users\/4"}],"replies":[{"embeddable":true,"href":"https:\/\/busgarraf.cat\/es\/wp-json\/wp\/v2\/comments?post=7422"}],"version-history":[{"count":4,"href":"https:\/\/busgarraf.cat\/es\/wp-json\/wp\/v2\/posts\/7422\/revisions"}],"predecessor-version":[{"id":8474,"href":"https:\/\/busgarraf.cat\/es\/wp-json\/wp\/v2\/posts\/7422\/revisions\/8474"}],"wp:featuredmedia":[{"embeddable":true,"href":"https:\/\/busgarraf.cat\/es\/wp-json\/wp\/v2\/media\/7423"}],"wp:attachment":[{"href":"https:\/\/busgarraf.cat\/es\/wp-json\/wp\/v2\/media?parent=7422"}],"wp:term":[{"taxonomy":"category","embeddable":true,"href":"https:\/\/busgarraf.cat\/es\/wp-json\/wp\/v2\/categories?post=7422"},{"taxonomy":"post_tag","embeddable":true,"href":"https:\/\/busgarraf.cat\/es\/wp-json\/wp\/v2\/tags?post=7422"}],"curies":[{"name":"wp","href":"https:\/\/api.w.org\/{rel}","templated":true}]}}