{"id":7514,"date":"2024-04-05T10:00:00","date_gmt":"2024-04-05T10:00:00","guid":{"rendered":"https:\/\/busgarraf.cat\/?p=7514"},"modified":"2024-06-06T08:59:38","modified_gmt":"2024-06-06T08:59:38","slug":"disfruta-del-rally-internacional-barcelona-sitges-con-busgarraf","status":"publish","type":"post","link":"https:\/\/busgarraf.cat\/es\/disfruta-del-rally-internacional-barcelona-sitges-con-busgarraf\/","title":{"rendered":"Disfruta del Rally Internacional Barcelona \u2013 Sitges, con BusGarraf"},"content":{"rendered":"\n<p>El <strong>Rally Internacional Barcelona-Sitges<\/strong> celebra su <strong>66\u00aa edici\u00f3n<\/strong>. Este Rally es uno de los m\u00e1s emblem\u00e1ticos y antiguos de <strong>coches de \u00e9poca<\/strong> en Europa. Este evento atrae a entusiastas de los veh\u00edculos cl\u00e1sicos de todo el mundo. <a href=\"https:\/\/busgarraf.cat\/es\/\"><strong>BusGarraf<\/strong><\/a> pone a tu disposici\u00f3n sus l\u00edneas regulares para desplazarte, c\u00f3modamente, entre estas dos ciudades.<\/p>\n\n\n\n<p><\/p>\n\n\n\n<h2 class=\"wp-block-heading\"><strong><strong><strong><strong><strong><strong><strong><strong><strong><strong><strong><strong>La 66\u00aa edici\u00f3n del<\/strong> <strong>Rally Internacional Barcelona-Sitges<\/strong><\/strong><\/strong><\/strong><\/strong><\/strong><\/strong><\/strong><\/strong><\/strong><\/strong><\/strong><\/h2>\n\n\n\n<p>El Rally Internacional Barcelona-Sitges, se llevar\u00e1 a cabo los d\u00edas <strong>6 y 7 de abril de 2024<\/strong>. El evento incluir\u00e1 la <strong>evaluaci\u00f3n<\/strong> de m\u00e1s de <strong>cien autom\u00f3viles<\/strong> y <strong>una docena de motocicletas<\/strong> por un jurado especializado, que tambi\u00e9n determinar\u00e1 los ganadores en cinco categor\u00edas de autom\u00f3viles seg\u00fan su a\u00f1o de fabricaci\u00f3n.<\/p>\n\n\n\n<p>El <strong>s\u00e1bado<\/strong>, <strong>6 de abril<\/strong>, se expondr\u00e1n los veh\u00edculos en la avenida Diagonal de Barcelona y, a su vez, se realizar\u00e1n las <strong>verificaciones t\u00e9cnicas<\/strong> de los mismos. &nbsp;<\/p>\n\n\n\n<p>En la ma\u00f1ana del <strong>domingo<\/strong>, <strong>7 de abril<\/strong>, se realizar\u00e1 el propio <strong>desfile<\/strong>. Los participantes, <strong>vestidos acordes a la \u00e9poca<\/strong> de su veh\u00edculo, acudir\u00e1n a la Plaza Sant Jaume de Barcelona, donde iniciar\u00e1 el recorrido. Desfilar\u00e1n por las <strong>carreteras costeras<\/strong>, entre la Ciudad Condal y Sitges, donde se finalizar\u00e1 el evento con la <strong>exposici\u00f3n<\/strong> de los coches en La Fragata.<\/p>\n\n\n\n<p><\/p>\n\n\n\n<h2 class=\"wp-block-heading\"><strong><strong><strong><strong><strong><strong>Viaja c\u00f3modamente con BusGarraf<\/strong><\/strong><\/strong><\/strong><\/strong><\/strong><\/h2>\n\n\n\n<p>Para llegar al <strong>Rally<\/strong>, puedes contar con los servicios de transporte de <strong>BusGarraf<\/strong>. Si quieres desplazarte hasta Sitges, cuentas con las l\u00edneas regulares <a href=\"https:\/\/busgarraf.cat\/es\/lineas\/\"><strong>e.16 Sitges \u2013 Barcelona<\/strong><\/a> y <a href=\"https:\/\/busgarraf.cat\/es\/lineas\/\"><strong>Vilanova i la Geltr\u00fa \u2013 Roquetes \u2013 Sitges \u2013 Aeroport \u2013 Bellvitge<\/strong><\/a>. Si prefieres disfrutar-lo en Barcelona, tambi\u00e9n tienes a tu disposici\u00f3n las l\u00edneas regulares <a href=\"https:\/\/busgarraf.cat\/es\/lineas\/\"><strong>e.14 St. Pere de Ribes \u2013 Barcelona<\/strong><\/a>, <a href=\"https:\/\/busgarraf.cat\/es\/lineas\/\"><strong>e.15.1 Vilanova i la Geltr\u00fa \u2013 Barcelona<\/strong><\/a> y <a href=\"https:\/\/busgarraf.cat\/es\/lineas\/\"><strong>e.15.2 Vilanova i la Geltr\u00fa \u2013 Barcelona (Diagonal)<\/strong><\/a>. Consulta los horarios y sus paradas en nuestra <a href=\"https:\/\/busgarraf.cat\/es\/\"><strong>p\u00e1gina web<\/strong><\/a>.<\/p>\n\n\n\n<p><\/p>\n\n\n\n<p><\/p>\n\n\n\n<p><\/p>\n\n\n\n<figure class=\"wp-block-image aligncenter size-full is-resized\"><img decoding=\"async\" src=\"https:\/\/busgarraf.cat\/wp-content\/uploads\/2024\/03\/Rally-Internacional-Barcelona-\u2013-Sitges.jpg\" alt=\"\" class=\"wp-image-7515\" style=\"aspect-ratio:16\/9;object-fit:cover;width:1000px\" width=\"1000\"\/><\/figure>\n\n\n\n<figure class=\"wp-block-gallery has-nested-images columns-default is-cropped wp-block-gallery-1 is-layout-flex wp-block-gallery-is-layout-flex\"><\/figure>\n","protected":false},"excerpt":{"rendered":"<p>El Rally Internacional Barcelona-Sitges celebra su 66\u00aa edici\u00f3n. Este Rally es uno de los m\u00e1s emblem\u00e1ticos y antiguos de coches de \u00e9poca en Europa. Este evento atrae a entusiastas de los veh\u00edculos cl\u00e1sicos de todo el mundo. BusGarraf pone a tu disposici\u00f3n sus l\u00edneas regulares para desplazarte, c\u00f3modamente, entre estas dos ciudades. La 66\u00aa edici\u00f3n [&hellip;]<\/p>\n","protected":false},"author":4,"featured_media":7515,"comment_status":"closed","ping_status":"open","sticky":false,"template":"","format":"standard","meta":{"_et_pb_use_builder":"off","_et_pb_old_content":"","_et_gb_content_width":"","footnotes":""},"categories":[4],"tags":[],"_links":{"self":[{"href":"https:\/\/busgarraf.cat\/es\/wp-json\/wp\/v2\/posts\/7514"}],"collection":[{"href":"https:\/\/busgarraf.cat\/es\/wp-json\/wp\/v2\/posts"}],"about":[{"href":"https:\/\/busgarraf.cat\/es\/wp-json\/wp\/v2\/types\/post"}],"author":[{"embeddable":true,"href":"https:\/\/busgarraf.cat\/es\/wp-json\/wp\/v2\/users\/4"}],"replies":[{"embeddable":true,"href":"https:\/\/busgarraf.cat\/es\/wp-json\/wp\/v2\/comments?post=7514"}],"version-history":[{"count":4,"href":"https:\/\/busgarraf.cat\/es\/wp-json\/wp\/v2\/posts\/7514\/revisions"}],"predecessor-version":[{"id":8462,"href":"https:\/\/busgarraf.cat\/es\/wp-json\/wp\/v2\/posts\/7514\/revisions\/8462"}],"wp:featuredmedia":[{"embeddable":true,"href":"https:\/\/busgarraf.cat\/es\/wp-json\/wp\/v2\/media\/7515"}],"wp:attachment":[{"href":"https:\/\/busgarraf.cat\/es\/wp-json\/wp\/v2\/media?parent=7514"}],"wp:term":[{"taxonomy":"category","embeddable":true,"href":"https:\/\/busgarraf.cat\/es\/wp-json\/wp\/v2\/categories?post=7514"},{"taxonomy":"post_tag","embeddable":true,"href":"https:\/\/busgarraf.cat\/es\/wp-json\/wp\/v2\/tags?post=7514"}],"curies":[{"name":"wp","href":"https:\/\/api.w.org\/{rel}","templated":true}]}}