{"id":7527,"date":"2024-04-09T16:00:00","date_gmt":"2024-04-09T16:00:00","guid":{"rendered":"https:\/\/busgarraf.cat\/?p=7527"},"modified":"2024-06-06T08:59:32","modified_gmt":"2024-06-06T08:59:32","slug":"pasea-por-el-camino-de-ronda-entre-vilanova-i-la-geltru-y-sitges","status":"publish","type":"post","link":"https:\/\/busgarraf.cat\/es\/pasea-por-el-camino-de-ronda-entre-vilanova-i-la-geltru-y-sitges\/","title":{"rendered":"Pasea por el Camino de Ronda entre Vilanova i la Geltr\u00fa y Sitges"},"content":{"rendered":"\n<p>El <strong>Camino de Ronda de Vilanova i la Geltr\u00fa a Sitges<\/strong>, parte del GR 92 del Mediterr\u00e1neo, ofrece un recorrido de <strong>baja dificultad<\/strong> y gran belleza a lo largo de la <strong>costa de Garraf<\/strong>. Este tramo conecta las dos importantes poblaciones costeras, <strong>Vilanova i la Geltr\u00fa y Sitges<\/strong>. Con <a href=\"https:\/\/busgarraf.cat\/es\/\"><strong>BusGarraf<\/strong><\/a> despl\u00e1zate hasta el inicio de la ruta para disfrutar del paseo.<\/p>\n\n\n\n<p><\/p>\n\n\n\n<h2 class=\"wp-block-heading\"><strong><strong><strong><strong><strong><strong><strong><strong><strong><strong><strong><strong>La pintoresca costa de Garraf<\/strong><\/strong><\/strong><\/strong><\/strong><\/strong><\/strong><\/strong><\/strong><\/strong><\/strong><\/strong><\/h2>\n\n\n\n<p><\/p>\n\n\n\n<p>La belleza y peculiaridad de esta ruta recae en sus vistas panor\u00e1micas a la costa del Garraf y al acceso a <strong>calas solitarias<\/strong> que se encuentran a lo largo del camino. El sendero est\u00e1 bien se\u00f1alizado con marcas del GR (rojas y blancas), lo que lo hace <strong>f\u00e1cil de seguir<\/strong>. &nbsp;<\/p>\n\n\n\n<p>Durante la excursi\u00f3n, se pueden explorar cuevas prehist\u00f3ricas y disfrutar de la hist\u00f3rica <strong>Playa de l&#8217;Home Mort<\/strong>, una playa nudista rodeada de acantilados. El recorrido finaliza en Sitges, pasando por <strong>puntos de inter\u00e9s<\/strong> como las ruinas del Club de la Atl\u00e1ntida y la ic\u00f3nica iglesia de Sant Bartomeu y Santa Tecla.<\/p>\n\n\n\n<p><\/p>\n\n\n\n<h2 class=\"wp-block-heading\"><strong><strong><strong><strong><strong><strong>BusGarraf te acompa\u00f1a<\/strong><\/strong><\/strong><\/strong><\/strong><\/strong><\/h2>\n\n\n\n<p>Trasl\u00e1date, c\u00f3modamente, hasta <strong>Vilanova i la Geltr\u00fa<\/strong> con <strong>BusGarraf<\/strong>. Puedes consultar los horarios de las l\u00edneas regulares <a href=\"https:\/\/busgarraf.cat\/es\/lineas\/\"><strong>Vilanova i la Geltr\u00fa \u2013 Barcelona<\/strong><\/a>, <a href=\"https:\/\/busgarraf.cat\/es\/lineas\/\"><strong>Vilanova i la Geltr\u00fa \u2013 Roquetes \u2013 Sitges \u2013 Aeroport \u2013 Bellvitge<\/strong><\/a> o <a href=\"https:\/\/busgarraf.cat\/es\/lineas\/\"><strong>Cubelles \u2013 Santa Maria \u2013 Vilanova i la Geltr\u00fa<\/strong><\/a>en nuestra <a href=\"https:\/\/busgarraf.cat\/es\/\"><strong>p\u00e1gina web<\/strong><\/a>.<\/p>\n\n\n\n<p><\/p>\n\n\n\n<p><\/p>\n\n\n\n<p><\/p>\n\n\n\n<figure class=\"wp-block-image aligncenter size-full is-resized\"><img decoding=\"async\" src=\"https:\/\/busgarraf.cat\/wp-content\/uploads\/2024\/03\/El-Camino-de-Ronda-Vilanova-i-la-Geltru-a-Sitges.jpg\" alt=\"\" class=\"wp-image-7528\" style=\"aspect-ratio:16\/9;object-fit:cover;width:1000px\" width=\"1000\"\/><\/figure>\n\n\n\n<figure class=\"wp-block-gallery has-nested-images columns-default is-cropped wp-block-gallery-1 is-layout-flex wp-block-gallery-is-layout-flex\"><\/figure>\n","protected":false},"excerpt":{"rendered":"<p>El Camino de Ronda de Vilanova i la Geltr\u00fa a Sitges, parte del GR 92 del Mediterr\u00e1neo, ofrece un recorrido de baja dificultad y gran belleza a lo largo de la costa de Garraf. Este tramo conecta las dos importantes poblaciones costeras, Vilanova i la Geltr\u00fa y Sitges. Con BusGarraf despl\u00e1zate hasta el inicio de [&hellip;]<\/p>\n","protected":false},"author":4,"featured_media":7528,"comment_status":"closed","ping_status":"open","sticky":false,"template":"","format":"standard","meta":{"_et_pb_use_builder":"off","_et_pb_old_content":"","_et_gb_content_width":"","footnotes":""},"categories":[4],"tags":[],"_links":{"self":[{"href":"https:\/\/busgarraf.cat\/es\/wp-json\/wp\/v2\/posts\/7527"}],"collection":[{"href":"https:\/\/busgarraf.cat\/es\/wp-json\/wp\/v2\/posts"}],"about":[{"href":"https:\/\/busgarraf.cat\/es\/wp-json\/wp\/v2\/types\/post"}],"author":[{"embeddable":true,"href":"https:\/\/busgarraf.cat\/es\/wp-json\/wp\/v2\/users\/4"}],"replies":[{"embeddable":true,"href":"https:\/\/busgarraf.cat\/es\/wp-json\/wp\/v2\/comments?post=7527"}],"version-history":[{"count":3,"href":"https:\/\/busgarraf.cat\/es\/wp-json\/wp\/v2\/posts\/7527\/revisions"}],"predecessor-version":[{"id":8460,"href":"https:\/\/busgarraf.cat\/es\/wp-json\/wp\/v2\/posts\/7527\/revisions\/8460"}],"wp:featuredmedia":[{"embeddable":true,"href":"https:\/\/busgarraf.cat\/es\/wp-json\/wp\/v2\/media\/7528"}],"wp:attachment":[{"href":"https:\/\/busgarraf.cat\/es\/wp-json\/wp\/v2\/media?parent=7527"}],"wp:term":[{"taxonomy":"category","embeddable":true,"href":"https:\/\/busgarraf.cat\/es\/wp-json\/wp\/v2\/categories?post=7527"},{"taxonomy":"post_tag","embeddable":true,"href":"https:\/\/busgarraf.cat\/es\/wp-json\/wp\/v2\/tags?post=7527"}],"curies":[{"name":"wp","href":"https:\/\/api.w.org\/{rel}","templated":true}]}}