{"id":8371,"date":"2024-05-21T11:00:00","date_gmt":"2024-05-21T11:00:00","guid":{"rendered":"https:\/\/busgarraf.cat\/?p=8371"},"modified":"2024-06-06T08:55:51","modified_gmt":"2024-06-06T08:55:51","slug":"descubre-la-playa-de-cunit-con-busgarraf","status":"publish","type":"post","link":"https:\/\/busgarraf.cat\/es\/descubre-la-playa-de-cunit-con-busgarraf\/","title":{"rendered":"Descubre la playa de Cunit, con BusGarraf"},"content":{"rendered":"\n<p>En la <strong>comarca del Baix Pened\u00e8s<\/strong>, perteneciente a la provincia de Tarragona, encontramos el peque\u00f1o municipio costero, <strong>Cunit<\/strong>, tranquilo e ideal para visitarlo en familia. El paisaje que nos ofrece es t\u00edpicamente <strong>mediterr\u00e1neo<\/strong>, destacando las calmadas aguas mar\u00edtimas y la sierra litoral que le da un toque m\u00e1s monta\u00f1oso.<\/p>\n\n\n\n<p><\/p>\n\n\n\n<h2 class=\"wp-block-heading\"><strong><strong><strong><strong><strong><strong><strong><strong><strong><strong><strong><strong><strong><strong><strong><strong><strong>\u00bfC\u00f3mo es la playa de Cunit?&nbsp;&nbsp;<\/strong><\/strong><\/strong><\/strong><\/strong><\/strong><\/strong><\/strong><\/strong><\/strong><\/strong><\/strong><\/strong><\/strong><\/strong><\/strong><\/strong><\/h2>\n\n\n\n<p>Una caracter\u00edstica que llama la atenci\u00f3n a aquellos que visitan Cunit es la forma en la que est\u00e1n fraccionadas sus playas. Protegidas por <strong>7 espigones<\/strong>, el litoral queda dividido en 8 peque\u00f1as<strong> calas <\/strong>que, en su total, suman 2,5 kil\u00f3metros de costa de arena fina. Los espigones 1, 2 y 3 pertenecen a la <strong>playa de Cunit Ponent<\/strong> y el resto, hasta el 7, a la <strong>playa Cunit Llevant<\/strong>.<\/p>\n\n\n\n<p>En temporada de verano, la playa Cunit Llevant dispone de <strong>diferentes servicios<\/strong> como duchas,socorristas y aseos. Adem\u00e1s, encontrar\u00e1s <strong>restaurantes<\/strong> en el paseo mar\u00edtimo para disfrutar de la rica gastronom\u00eda que ofrece la localidad.<\/p>\n\n\n\n<p><\/p>\n\n\n\n<h2 class=\"wp-block-heading\"><strong><strong><strong><strong><strong><strong><strong><strong><strong><strong><strong>\u00bfC\u00f3mo llegar a Cunit?<\/strong><\/strong><\/strong><\/strong><\/strong><\/strong><\/strong><\/strong><\/strong><\/strong><\/strong><\/h2>\n\n\n\n<p><strong>BusGarraf<\/strong> pone a tu disposici\u00f3n sus l\u00edneas regulares <a href=\"https:\/\/busgarraf.cat\/es\/lineas\/\"><strong>Camils \u2013 Vilanova \u2013 Cubelles \u2013 Cunit<\/strong><\/a>, <a href=\"https:\/\/busgarraf.cat\/es\/lineas\/\"><strong>Vilanova i la Geltr\u00fa \u2013 Tarragona<\/strong><\/a> y <a href=\"https:\/\/busgarraf.cat\/es\/lineas\/\"><strong>Vilanova i la Geltr\u00fa \u2013 El Vendrell<\/strong><\/a> para que puedas desplazarte, c\u00f3modamente, hasta Cunit. Puedes consultar los horarios en nuestra <a href=\"https:\/\/busgarraf.cat\/es\/\"><strong>p\u00e1gina web<\/strong><\/a>.<\/p>\n\n\n\n<p><\/p>\n\n\n\n<p><\/p>\n\n\n\n<p><\/p>\n\n\n\n<figure class=\"wp-block-image aligncenter size-full is-resized\"><img decoding=\"async\" src=\"https:\/\/busgarraf.cat\/wp-content\/uploads\/2024\/05\/Familia-playa-edited.jpg\" alt=\"\" class=\"wp-image-8376\" style=\"aspect-ratio:16\/9;object-fit:cover;width:1000px\" width=\"1000\"\/><\/figure>\n\n\n\n<figure class=\"wp-block-gallery has-nested-images columns-default is-cropped wp-block-gallery-1 is-layout-flex wp-block-gallery-is-layout-flex\"><\/figure>\n","protected":false},"excerpt":{"rendered":"<p>En la comarca del Baix Pened\u00e8s, perteneciente a la provincia de Tarragona, encontramos el peque\u00f1o municipio costero, Cunit, tranquilo e ideal para visitarlo en familia. El paisaje que nos ofrece es t\u00edpicamente mediterr\u00e1neo, destacando las calmadas aguas mar\u00edtimas y la sierra litoral que le da un toque m\u00e1s monta\u00f1oso. \u00bfC\u00f3mo es la playa de Cunit?&nbsp;&nbsp; [&hellip;]<\/p>\n","protected":false},"author":4,"featured_media":8376,"comment_status":"closed","ping_status":"open","sticky":false,"template":"","format":"standard","meta":{"_et_pb_use_builder":"off","_et_pb_old_content":"","_et_gb_content_width":"","footnotes":""},"categories":[4],"tags":[],"_links":{"self":[{"href":"https:\/\/busgarraf.cat\/es\/wp-json\/wp\/v2\/posts\/8371"}],"collection":[{"href":"https:\/\/busgarraf.cat\/es\/wp-json\/wp\/v2\/posts"}],"about":[{"href":"https:\/\/busgarraf.cat\/es\/wp-json\/wp\/v2\/types\/post"}],"author":[{"embeddable":true,"href":"https:\/\/busgarraf.cat\/es\/wp-json\/wp\/v2\/users\/4"}],"replies":[{"embeddable":true,"href":"https:\/\/busgarraf.cat\/es\/wp-json\/wp\/v2\/comments?post=8371"}],"version-history":[{"count":2,"href":"https:\/\/busgarraf.cat\/es\/wp-json\/wp\/v2\/posts\/8371\/revisions"}],"predecessor-version":[{"id":8444,"href":"https:\/\/busgarraf.cat\/es\/wp-json\/wp\/v2\/posts\/8371\/revisions\/8444"}],"wp:featuredmedia":[{"embeddable":true,"href":"https:\/\/busgarraf.cat\/es\/wp-json\/wp\/v2\/media\/8376"}],"wp:attachment":[{"href":"https:\/\/busgarraf.cat\/es\/wp-json\/wp\/v2\/media?parent=8371"}],"wp:term":[{"taxonomy":"category","embeddable":true,"href":"https:\/\/busgarraf.cat\/es\/wp-json\/wp\/v2\/categories?post=8371"},{"taxonomy":"post_tag","embeddable":true,"href":"https:\/\/busgarraf.cat\/es\/wp-json\/wp\/v2\/tags?post=8371"}],"curies":[{"name":"wp","href":"https:\/\/api.w.org\/{rel}","templated":true}]}}