{"id":8424,"date":"2024-06-07T11:00:00","date_gmt":"2024-06-07T11:00:00","guid":{"rendered":"https:\/\/busgarraf.cat\/?p=8424"},"modified":"2024-06-06T08:46:22","modified_gmt":"2024-06-06T08:46:22","slug":"participa-en-la-pujada-a-miramar-de-valls-con-busgarraf","status":"publish","type":"post","link":"https:\/\/busgarraf.cat\/es\/participa-en-la-pujada-a-miramar-de-valls-con-busgarraf\/","title":{"rendered":"Participa en la \u201cPujada a Miramar\u201d de Valls, con BusGarraf\u00a0"},"content":{"rendered":"\n<p>La \u201c<strong>Pujada a Miramar<\/strong>\u201d es una carrera que se lleva organizando desde 1982 en el municipio de <strong>Valls<\/strong>. Se trata de una excursi\u00f3n a la monta\u00f1a en la que puedes participar de manera competitiva o, simplemente, por diversi\u00f3n. Con <a href=\"https:\/\/busgarraf.cat\/es\/\"><strong>BusGarraf<\/strong><\/a> puedes desplazarte hasta Valls, sin preocupaciones.<\/p>\n\n\n\n<p><\/p>\n\n\n\n<h2 class=\"wp-block-heading\"><strong><strong><strong><strong><strong><strong><strong><strong><strong><strong><strong><strong><strong><strong><strong><strong><strong><strong><strong><strong><strong>La 43\u00aa edici\u00f3n de la \u201cPujada a Miramar\u201d<\/strong><\/strong><\/strong><\/strong><\/strong><\/strong><\/strong><\/strong><\/strong><\/strong><\/strong><\/strong><\/strong><\/strong><\/strong><\/strong><\/strong><\/strong><\/strong><\/strong><\/strong><\/h2>\n\n\n\n<p>La \u201cPujada a Miramar\u201d es una de las carreras m\u00e1s tradicionales de <strong>Valls<\/strong> y ya se lleva celebrando 42 a\u00f1os consecutivos, cada mes de junio. Esta <strong>34\u00aa edici\u00f3n<\/strong> ser\u00e1 el d\u00eda <strong>9 de junio<\/strong>, durante toda la ma\u00f1ana.<\/p>\n\n\n\n<p>La ruta inicia enfrente del monasterio de la Inmaculada y recorre la <a href=\"https:\/\/ca.wikiloc.com\/wikiloc\/embedv2.do?id=169794257&amp;elevation=off&amp;images=off&amp;maptype=H\" target=\"_blank\" rel=\"noopener\"><strong>Sierra de Miramar<\/strong><\/a> hasta llegar a la meta, en la Cruz de Miramar. Puedes participar en una de las siguientes <strong>cuatro modalidades<\/strong>: caminando, corriendo, en bicicleta o en bicicleta el\u00e9ctrica. Adem\u00e1s, es \u201c<strong>Pet Friendly<\/strong>\u201d, as\u00ed que, \u00a1tu peludo es bienvenido! Ten en cuenta que las <a href=\"https:\/\/www.aaeet.com\/wp\/?p=3134\" target=\"_blank\" rel=\"noopener\"><strong>inscripciones<\/strong><\/a>son<strong> limitadas<\/strong> y puedes hacerlas en l\u00ednea o f\u00edsicamente el mismo d\u00eda del evento, si quedan plazas disponibles.<\/p>\n\n\n\n<p><\/p>\n\n\n\n<h2 class=\"wp-block-heading\"><strong><strong><strong><strong><strong><strong><strong><strong><strong><strong><strong><strong><strong><strong><strong>BusGarraf te lleva a Valls<\/strong><\/strong><\/strong><\/strong><\/strong><\/strong><\/strong><\/strong><\/strong><\/strong><\/strong><\/strong><\/strong><\/strong><\/strong><\/h2>\n\n\n\n<p>Si quieres participar en esta aventura, con <strong>BusGarraf<\/strong>, puedes llegar a la localidad de Valls, c\u00f3modamente, desde diferentes municipios, con nuestra l\u00ednea <a href=\"https:\/\/busgarraf.cat\/es\/lineas\/\"><strong>Valls \u2013 El Vendrell \u2013 Calafell<\/strong><\/a>. Consulta nuestra <a href=\"https:\/\/busgarraf.cat\/es\/\"><strong>p\u00e1gina web<\/strong><\/a> para conocer todos los horarios y las paradas.<\/p>\n\n\n\n<p><\/p>\n\n\n\n<p><\/p>\n\n\n\n<p><\/p>\n\n\n\n<figure class=\"wp-block-image aligncenter size-full is-resized\"><img decoding=\"async\" src=\"https:\/\/busgarraf.cat\/wp-content\/uploads\/2024\/06\/Pujada-a-Miramar-en-Valls.jpg\" alt=\"\" class=\"wp-image-8425\" style=\"aspect-ratio:16\/9;object-fit:cover;width:1000px\" width=\"1000\"\/><\/figure>\n\n\n\n<figure class=\"wp-block-gallery has-nested-images columns-default is-cropped wp-block-gallery-1 is-layout-flex wp-block-gallery-is-layout-flex\"><\/figure>\n","protected":false},"excerpt":{"rendered":"<p>La \u201cPujada a Miramar\u201d es una carrera que se lleva organizando desde 1982 en el municipio de Valls. Se trata de una excursi\u00f3n a la monta\u00f1a en la que puedes participar de manera competitiva o, simplemente, por diversi\u00f3n. Con BusGarraf puedes desplazarte hasta Valls, sin preocupaciones. La 43\u00aa edici\u00f3n de la \u201cPujada a Miramar\u201d La [&hellip;]<\/p>\n","protected":false},"author":4,"featured_media":8425,"comment_status":"closed","ping_status":"open","sticky":false,"template":"","format":"standard","meta":{"_et_pb_use_builder":"off","_et_pb_old_content":"","_et_gb_content_width":"","footnotes":""},"categories":[4],"tags":[],"_links":{"self":[{"href":"https:\/\/busgarraf.cat\/es\/wp-json\/wp\/v2\/posts\/8424"}],"collection":[{"href":"https:\/\/busgarraf.cat\/es\/wp-json\/wp\/v2\/posts"}],"about":[{"href":"https:\/\/busgarraf.cat\/es\/wp-json\/wp\/v2\/types\/post"}],"author":[{"embeddable":true,"href":"https:\/\/busgarraf.cat\/es\/wp-json\/wp\/v2\/users\/4"}],"replies":[{"embeddable":true,"href":"https:\/\/busgarraf.cat\/es\/wp-json\/wp\/v2\/comments?post=8424"}],"version-history":[{"count":2,"href":"https:\/\/busgarraf.cat\/es\/wp-json\/wp\/v2\/posts\/8424\/revisions"}],"predecessor-version":[{"id":8436,"href":"https:\/\/busgarraf.cat\/es\/wp-json\/wp\/v2\/posts\/8424\/revisions\/8436"}],"wp:featuredmedia":[{"embeddable":true,"href":"https:\/\/busgarraf.cat\/es\/wp-json\/wp\/v2\/media\/8425"}],"wp:attachment":[{"href":"https:\/\/busgarraf.cat\/es\/wp-json\/wp\/v2\/media?parent=8424"}],"wp:term":[{"taxonomy":"category","embeddable":true,"href":"https:\/\/busgarraf.cat\/es\/wp-json\/wp\/v2\/categories?post=8424"},{"taxonomy":"post_tag","embeddable":true,"href":"https:\/\/busgarraf.cat\/es\/wp-json\/wp\/v2\/tags?post=8424"}],"curies":[{"name":"wp","href":"https:\/\/api.w.org\/{rel}","templated":true}]}}