{"id":8789,"date":"2024-06-13T10:00:00","date_gmt":"2024-06-13T10:00:00","guid":{"rendered":"https:\/\/busgarraf.cat\/?p=8789"},"modified":"2024-06-06T10:37:36","modified_gmt":"2024-06-06T10:37:36","slug":"celebra-la-fiesta-mayor-de-sant-joan-en-valls-con-busgarraf","status":"publish","type":"post","link":"https:\/\/busgarraf.cat\/es\/celebra-la-fiesta-mayor-de-sant-joan-en-valls-con-busgarraf\/","title":{"rendered":"Celebra la Fiesta Mayor de Sant Joan en Valls, con BusGarraf"},"content":{"rendered":"\n<p>La <strong>Fiesta Mayor de Sant Joan<\/strong> en <strong>Valls<\/strong> es una celebraci\u00f3n que <strong>combina modernidad y tradici\u00f3n<\/strong>, destacando por su programaci\u00f3n diversa y su esencia hist\u00f3rica. Durante varios d\u00edas, las calles de esta localidad se llenan de <strong>m\u00fasica<\/strong>, <strong>bailes<\/strong> y <strong>actividades<\/strong> para todas las edades, creando un ambiente festivo inigualable. \u00a1Con <a href=\"https:\/\/busgarraf.cat\/es\/\"><strong>BusGarraf<\/strong><\/a> despl\u00e1zate hasta Valls y p\u00e1salo en grande!<\/p>\n\n\n\n<p><\/p>\n\n\n\n<h2 class=\"wp-block-heading\"><strong><strong><strong><strong><strong><strong><strong><strong><strong><strong><strong><strong><strong><strong><strong><strong><strong><strong><strong><strong><strong><strong>Programa de la Fiesta Mayor de Sant Joan en Valls<\/strong><\/strong><\/strong><\/strong><\/strong><\/strong><\/strong><\/strong><\/strong><\/strong><\/strong><\/strong><\/strong><\/strong><\/strong><\/strong><\/strong><\/strong><\/strong><\/strong><\/strong><\/strong><\/h2>\n\n\n\n<p>Esta nueva edici\u00f3n de la Fiesta Mayor de Sant Joan se realiza del <strong>20 al 25 de junio<\/strong>. A lo largo de los a\u00f1os, la celebraci\u00f3n ha <strong>evolucionado<\/strong>, adapt\u00e1ndose a los tiempos modernos sin perder su esencia tradicional. Como es tradici\u00f3n, el <strong>preg\u00f3n<\/strong> marca el inicio de la festividad, seguido de la <strong>petada de globos<\/strong>, la \u201c<strong>Boladissada<\/strong>\u201d<strong> Popular<\/strong> y la primera <strong>verbena<\/strong>. El resto de los d\u00edas, las plazas y calles del municipio se llenan de vida. Entre los <strong>actos m\u00e1s tradicionales<\/strong> encontramos, la salida del \u00e1guila al balc\u00f3n, el ondeo de la bandera, la tronada y el repique de campanas.<\/p>\n\n\n\n<p>En la <strong>v\u00edspera de Sant Joan<\/strong>, el d\u00eda 23 de junio, la llegada de la <strong>Flama del Canig\u00f3<\/strong>, para encender las hogueras, y las <strong>Completas en honor a San Juan<\/strong>, son dos de los momentos m\u00e1s destacados, junto a los <strong>fuegos artificiales<\/strong> y los <strong>castillos<\/strong> <strong>a la antigua<\/strong> que se realizan en la plaza del Blat.<\/p>\n\n\n\n<p>El d\u00eda del patr\u00f3n de la ciudad, el <strong>24 de junio<\/strong>, se inicia con las \u201c<strong><a href=\"https:\/\/calaix.gencat.cat\/handle\/10687\/53656\" target=\"_blank\" rel=\"noopener\">matinades<\/a><\/strong>\u201d y la <strong>diana de los trabucaires<\/strong>, seguidos del lucimiento de las danzas del s\u00e9quito ceremonial en la plaza del Blat. La jornada incluye la popular <strong>fiesta castellera<\/strong>, entre otras actividades, y termina con la <strong>entrada de la bandera de la ciudad<\/strong> y el <strong>baile de Fiesta Mayor<\/strong>. Adem\u00e1s, a su vez, a partir de las 23 h, se realizan diferentes <strong>conciertos y sesiones de DJ<\/strong> en varios puntos de la ciudad.<\/p>\n\n\n\n<p><\/p>\n\n\n\n<h2 class=\"wp-block-heading\"><strong><strong><strong><strong><strong><strong><strong><strong><strong><strong><strong><strong><strong><strong><strong><strong>Despl\u00e1zate hasta Valls<\/strong><\/strong><\/strong><\/strong><\/strong><\/strong><\/strong><\/strong><\/strong><\/strong><\/strong><\/strong><\/strong><\/strong><\/strong><\/strong><\/h2>\n\n\n\n<p>\u00a1No puedes perderte la Fiesta Mayor de Valls! Con <strong>BusGarraf<\/strong>, puedes llegar al municipio, c\u00f3modamente, con la l\u00ednea regular <a href=\"https:\/\/busgarraf.cat\/es\/lineas\/\"><strong>Valls \u2013 El Vendrell \u2013 Calafell<\/strong><\/a>. Consulta nuestra <a href=\"https:\/\/busgarraf.cat\/es\/\"><strong>p\u00e1gina web<\/strong><\/a> para conocer los horarios y las paradas.<\/p>\n\n\n\n<p><\/p>\n\n\n\n<p><\/p>\n\n\n\n<p><\/p>\n\n\n\n<figure class=\"wp-block-image aligncenter size-full is-resized\"><img decoding=\"async\" src=\"https:\/\/busgarraf.cat\/wp-content\/uploads\/2024\/06\/Fiesta-Mayor-de-Sant-Joan-en-Valls.jpg\" alt=\"\" class=\"wp-image-8790\" style=\"aspect-ratio:16\/9;object-fit:cover;width:1000px\" width=\"1000\"\/><\/figure>\n\n\n\n<figure class=\"wp-block-gallery has-nested-images columns-default is-cropped wp-block-gallery-1 is-layout-flex wp-block-gallery-is-layout-flex\"><\/figure>\n","protected":false},"excerpt":{"rendered":"<p>La Fiesta Mayor de Sant Joan en Valls es una celebraci\u00f3n que combina modernidad y tradici\u00f3n, destacando por su programaci\u00f3n diversa y su esencia hist\u00f3rica. Durante varios d\u00edas, las calles de esta localidad se llenan de m\u00fasica, bailes y actividades para todas las edades, creando un ambiente festivo inigualable. \u00a1Con BusGarraf despl\u00e1zate hasta Valls y [&hellip;]<\/p>\n","protected":false},"author":4,"featured_media":8790,"comment_status":"closed","ping_status":"open","sticky":false,"template":"","format":"standard","meta":{"_et_pb_use_builder":"off","_et_pb_old_content":"","_et_gb_content_width":"","footnotes":""},"categories":[4],"tags":[],"_links":{"self":[{"href":"https:\/\/busgarraf.cat\/es\/wp-json\/wp\/v2\/posts\/8789"}],"collection":[{"href":"https:\/\/busgarraf.cat\/es\/wp-json\/wp\/v2\/posts"}],"about":[{"href":"https:\/\/busgarraf.cat\/es\/wp-json\/wp\/v2\/types\/post"}],"author":[{"embeddable":true,"href":"https:\/\/busgarraf.cat\/es\/wp-json\/wp\/v2\/users\/4"}],"replies":[{"embeddable":true,"href":"https:\/\/busgarraf.cat\/es\/wp-json\/wp\/v2\/comments?post=8789"}],"version-history":[{"count":1,"href":"https:\/\/busgarraf.cat\/es\/wp-json\/wp\/v2\/posts\/8789\/revisions"}],"predecessor-version":[{"id":8794,"href":"https:\/\/busgarraf.cat\/es\/wp-json\/wp\/v2\/posts\/8789\/revisions\/8794"}],"wp:featuredmedia":[{"embeddable":true,"href":"https:\/\/busgarraf.cat\/es\/wp-json\/wp\/v2\/media\/8790"}],"wp:attachment":[{"href":"https:\/\/busgarraf.cat\/es\/wp-json\/wp\/v2\/media?parent=8789"}],"wp:term":[{"taxonomy":"category","embeddable":true,"href":"https:\/\/busgarraf.cat\/es\/wp-json\/wp\/v2\/categories?post=8789"},{"taxonomy":"post_tag","embeddable":true,"href":"https:\/\/busgarraf.cat\/es\/wp-json\/wp\/v2\/tags?post=8789"}],"curies":[{"name":"wp","href":"https:\/\/api.w.org\/{rel}","templated":true}]}}