{"id":9039,"date":"2024-07-19T10:00:00","date_gmt":"2024-07-19T10:00:00","guid":{"rendered":"https:\/\/busgarraf.cat\/?p=9039"},"modified":"2024-07-12T08:51:36","modified_gmt":"2024-07-12T08:51:36","slug":"castillos-en-la-costa-del-garraf","status":"publish","type":"post","link":"https:\/\/busgarraf.cat\/es\/castillos-en-la-costa-del-garraf\/","title":{"rendered":"Castillos en la Costa del Garraf\u00a0\u00a0"},"content":{"rendered":"\n<p>Si eres un apasionado\/a de la<strong> historia<\/strong> o simplemente te gusta conocer, en profundidad, los lugares que visitas, d\u00e9janos desvelarte lo que te tenemos preparado. Te traemos tres <strong>castillos<\/strong> de lo m\u00e1s interesantes, para que puedas descubrir las<strong> ra\u00edces <\/strong>y <strong>vivencias<\/strong> que relatan estos castillos, a trav\u00e9s de su<strong> arquitectura<\/strong>, <strong>arte<\/strong> e <strong>historia. Visita<\/strong> el <strong>Garraf<\/strong> y disfruta de <strong>Vilanova i la Geltr\u00fa<\/strong>, <strong>Sant Pere de Ribes <\/strong>y <strong>Cubelles.<\/strong>\u00a0<\/p>\n\n\n\n<p><\/p>\n\n\n\n<h2 class=\"wp-block-heading\"><strong>Conoce los castillos del Garraf<\/strong>\u00a0<\/h2>\n\n\n\n<p>El <strong>Castillo de la Geltr\u00fa<\/strong> es un hermoso <strong>edificio medieval<\/strong> situado en <strong>Vilanova i la Geltr\u00fa<\/strong>, que fue construido en los <strong>siglos XII y XV<\/strong>. Hoy en d\u00eda sirve como lugar de <strong>celebraci\u00f3n de bodas civiles, <\/strong>por su localizaci\u00f3n privilegiada que permite admirar <strong>la costa<\/strong>. Este <strong>castillo<\/strong> resalta, especialmente, por su bonito <strong>patio interior<\/strong>, con fachadas de piedra y una llamativa<strong> escultura<\/strong> en forma de<strong> perro<\/strong>.\u00a0<\/p>\n\n\n\n<p>Continuamos con el <strong>Castillo de Ribes<\/strong>, el cual no solo se trata de un <strong>bonito edificio hist\u00f3rico<\/strong>, sino que tambi\u00e9n cuenta con una<strong> historia <\/strong>y <strong>entorno<\/strong> dignos de su <strong>visita<\/strong>. Con el paso de los a\u00f1os, esta edificaci\u00f3n pas\u00f3 por manos de varios se\u00f1ores feudales, hasta que en 1620 se cedi\u00f3 a la entidad municipal, llegando a clasificarse como <strong>Bien Cultural de Inter\u00e9s Nacional<\/strong>,<strong> <\/strong>en la categor\u00eda<strong> <\/strong>de<strong> Monumento Hist\u00f3rico<\/strong>,<strong> <\/strong>por la <strong>Generalitat de Catalunya.\u00a0 <\/strong>Adem\u00e1s, el <strong>Castillo de Ribes<\/strong> acoge todo tipo de eventos, desde <strong>v\u00eddeo proyecciones<\/strong> hasta<strong> conciertos y mucho m\u00e1s.<\/strong>\u00a0<\/p>\n\n\n\n<p>Por \u00faltimo, en el municipio de <strong>Cubelles<\/strong>, en la comarca del <strong>Garraf<\/strong>, se encuentra el <strong>Castell dels Marquesos d\u2019Alfarr\u00e0s, <\/strong>una de las principales se\u00f1as de <strong>identidad del pueblo<\/strong>. Hay algunos <strong>datos interesantes <\/strong>que destacan en este <strong>conjunto monumental<\/strong>, como, por ejemplo, un elemento peculiar que a\u00fan se conserva en<strong> la torre semicil\u00edndrica del castillo<\/strong>, el escudo her\u00e1ldico de <strong>la familia Llupi\u00e0<\/strong>. Adem\u00e1s, en la planta baja de este castillo, se encuentra una exposici\u00f3n dedicada al payaso catal\u00e1n<strong> Josep Andreu y Lasserre<\/strong>, tambi\u00e9n conocido como <strong>Charlie Rivel<\/strong>, el cual naci\u00f3 y muri\u00f3 en esta localidad. En<strong> 1948 <\/strong>fue declarado<strong> Bien Cultural de Inter\u00e9s Nacional <\/strong>y en<strong> 1989 <\/strong>fue adquirido por el<strong> Ayuntamiento de Cubelles.<\/strong>\u00a0<\/p>\n\n\n\n<h2 class=\"wp-block-heading\"><strong>Llega con BusGarraf<\/strong>\u00a0<\/h2>\n\n\n\n<p>Ven a descubrir<strong> la historia de estos lugares<\/strong> y emp\u00e1pate de la <strong>cultura<\/strong> y <strong>arquitectura<\/strong> de dichos municipios. Con <a href=\"https:\/\/busgarraf.cat\/es\/\" target=\"_blank\" rel=\"noreferrer noopener\"><strong>BusGarraf<\/strong><\/a> solo tendr\u00e1s que preocuparte de disfrutar al m\u00e1ximo. Utiliza las l\u00edneas regulares de <a href=\"https:\/\/busgarraf.cat\/es\/lineas\/\" target=\"_blank\" rel=\"noreferrer noopener\">Vilanova i la Geltr\u00fa &#8211; Barcelona<\/a>, <a href=\"https:\/\/busgarraf.cat\/es\/lineas\/\" target=\"_blank\" rel=\"noreferrer noopener\">St. Pere de Ribes \u2013 Barcelona<\/a>, y <a href=\"https:\/\/busgarraf.cat\/es\/lineas\/\" target=\"_blank\" rel=\"noreferrer noopener\">Camils \u2013 Vilanova \u2013 Cubelles \u2013 Cunit.<\/a> para llegar a tu destino. Puedes encontrar todas las paradas y horarios en nuestra <a href=\"https:\/\/busgarraf.cat\/es\/lineas\/\" target=\"_blank\" rel=\"noreferrer noopener\">p\u00e1gina web<\/a>.\u00a0<\/p>\n\n\n\n<p><\/p>\n\n\n\n<p><\/p>\n\n\n\n<p><\/p>\n\n\n\n<figure class=\"wp-block-image aligncenter size-full is-resized\"><img decoding=\"async\" src=\"https:\/\/busgarraf.cat\/wp-content\/uploads\/2024\/07\/Ruta-de-los-Castillos-del-Garraf-19.07.24-BusGarraf.jpg\" alt=\"\" class=\"wp-image-9040\" style=\"aspect-ratio:16\/9;object-fit:cover;width:1000px\" width=\"1000\"\/><\/figure>\n\n\n\n<figure class=\"wp-block-gallery has-nested-images columns-default is-cropped wp-block-gallery-1 is-layout-flex wp-block-gallery-is-layout-flex\"><\/figure>\n","protected":false},"excerpt":{"rendered":"<p>Si eres un apasionado\/a de la historia o simplemente te gusta conocer, en profundidad, los lugares que visitas, d\u00e9janos desvelarte lo que te tenemos preparado. Te traemos tres castillos de lo m\u00e1s interesantes, para que puedas descubrir las ra\u00edces y vivencias que relatan estos castillos, a trav\u00e9s de su arquitectura, arte e historia. Visita el [&hellip;]<\/p>\n","protected":false},"author":4,"featured_media":9040,"comment_status":"closed","ping_status":"open","sticky":false,"template":"","format":"standard","meta":{"_et_pb_use_builder":"off","_et_pb_old_content":"","_et_gb_content_width":"","footnotes":""},"categories":[4],"tags":[],"_links":{"self":[{"href":"https:\/\/busgarraf.cat\/es\/wp-json\/wp\/v2\/posts\/9039"}],"collection":[{"href":"https:\/\/busgarraf.cat\/es\/wp-json\/wp\/v2\/posts"}],"about":[{"href":"https:\/\/busgarraf.cat\/es\/wp-json\/wp\/v2\/types\/post"}],"author":[{"embeddable":true,"href":"https:\/\/busgarraf.cat\/es\/wp-json\/wp\/v2\/users\/4"}],"replies":[{"embeddable":true,"href":"https:\/\/busgarraf.cat\/es\/wp-json\/wp\/v2\/comments?post=9039"}],"version-history":[{"count":1,"href":"https:\/\/busgarraf.cat\/es\/wp-json\/wp\/v2\/posts\/9039\/revisions"}],"predecessor-version":[{"id":9044,"href":"https:\/\/busgarraf.cat\/es\/wp-json\/wp\/v2\/posts\/9039\/revisions\/9044"}],"wp:featuredmedia":[{"embeddable":true,"href":"https:\/\/busgarraf.cat\/es\/wp-json\/wp\/v2\/media\/9040"}],"wp:attachment":[{"href":"https:\/\/busgarraf.cat\/es\/wp-json\/wp\/v2\/media?parent=9039"}],"wp:term":[{"taxonomy":"category","embeddable":true,"href":"https:\/\/busgarraf.cat\/es\/wp-json\/wp\/v2\/categories?post=9039"},{"taxonomy":"post_tag","embeddable":true,"href":"https:\/\/busgarraf.cat\/es\/wp-json\/wp\/v2\/tags?post=9039"}],"curies":[{"name":"wp","href":"https:\/\/api.w.org\/{rel}","templated":true}]}}