{"id":9920,"date":"2024-12-13T11:52:39","date_gmt":"2024-12-13T11:52:39","guid":{"rendered":"https:\/\/busgarraf.cat\/?p=9920"},"modified":"2024-12-23T15:27:36","modified_gmt":"2024-12-23T15:27:36","slug":"grupo-plana-suma-45-autocares-con-etiqueta-eco-a-la-flota-para-la-costa-dorada-y-el-garraf","status":"publish","type":"post","link":"https:\/\/busgarraf.cat\/es\/grupo-plana-suma-45-autocares-con-etiqueta-eco-a-la-flota-para-la-costa-dorada-y-el-garraf\/","title":{"rendered":"Grupo Plana suma 45 autocares con etiqueta ECO a la flota para la Costa Dorada y el Garraf"},"content":{"rendered":"\n<ul>\n<li><strong>Grupo Plana ha adquirido 45 autocares con etiqueta ECO, la alta certificaci\u00f3n medioambiental que otorga la DGT a los veh\u00edculos propulsados por gas y di\u00e9sel<\/strong><\/li>\n<\/ul>\n\n\n\n<ul>\n<li><strong>Los veh\u00edculos con este distintivo ECO transportan pasajeros en las l\u00edneas de la Costa Dorada y el Garraf<\/strong><\/li>\n<\/ul>\n\n\n\n<ul>\n<li><strong>En los dos \u00faltimos a\u00f1os, Grupo Plana ha renovado 170 autocares para favorecer la sostenibilidad y la accesibilidad<\/strong><\/li>\n<\/ul>\n\n\n\n<p><strong>Grupo Plana<\/strong>, formado por <strong>BusPlana y BusGarraf<\/strong>, cierra este 2024 con un nuevo paso adelante hacia la movilidad sostenible: adquiriendo 45 autocares con la etiqueta ambiental ECO, un distintivo otorgado por la DGT para identificar los veh\u00edculos con menores emisiones al medio ambiente.<\/p>\n\n\n\n<h2 class=\"wp-block-heading\"><strong>Servicios sostenibles para la Costa Dorada y el Garraf<\/strong><\/h2>\n\n\n\n<p>Casi cuarenta de estos veh\u00edculos con el distintivo ECO ya est\u00e1n en circulaci\u00f3n y cubren rutas esenciales para el d\u00eda a d\u00eda de la poblaci\u00f3n. En la Costa Dorada, tienen especial presencia en las l\u00edneas interurbanas de <strong>Reus, Cambrils, Salou, Vila-seca, Constant\u00ed y Tarragona<\/strong>, adem\u00e1s de enlazar la Costa Dorada con Barcelona. En el Garraf, estos veh\u00edculos conectan municipios como <strong>Vilanova i la Geltr\u00fa, Sant Pere de Ribes, Sitges, Canyelles y Vilafranca del Pened\u00e8s.<\/strong><br><br>El primer trimestre del pr\u00f3ximo a\u00f1o se a\u00f1adir\u00e1n m\u00e1s autocares con etiqueta ECO a estas rutas.<\/p>\n\n\n\n<h2 class=\"wp-block-heading\"><strong>M\u00e1s de 170 autocares renovados en dos a\u00f1os<\/strong><\/h2>\n\n\n\n<p>En los \u00faltimos dos a\u00f1os, Grupo Plana ha renovado <strong>170 autocares<\/strong> de los 600 que tiene en la flota y suma m\u00e1s de <strong>315 veh\u00edculos con certificaci\u00f3n ambiental Euro 6<\/strong>, que incluyen tecnolog\u00eda avanzada para minimizar la huella ecol\u00f3gica mediante filtros de part\u00edculas, sistemas de tratamiento de gases y un consumo de combustible optimizado.<\/p>\n\n\n\n<p>Los veh\u00edculos ECO est\u00e1n adaptados para personas con movilidad reducida. M\u00e1s del <strong>90% de los autocares destinados al transporte p\u00fablico de Grupo Plana est\u00e1n adaptados para personas con movilidad reducida.<\/strong><\/p>\n\n\n\n<figure class=\"wp-block-image aligncenter size-full is-resized\"><img decoding=\"async\" src=\"https:\/\/busgarraf.cat\/wp-content\/uploads\/2024\/12\/Autocares-etiqueta-ECO-BusGarraf-Transporte-Publico.jpg\" alt=\"Autocares etiqueta ECO BusGarraf Transporte P\u00fablico\" class=\"wp-image-9921\" style=\"aspect-ratio:16\/9;object-fit:cover;width:1000px\" width=\"1000\"\/><\/figure>\n\n\n\n<figure class=\"wp-block-gallery has-nested-images columns-default is-cropped wp-block-gallery-1 is-layout-flex wp-block-gallery-is-layout-flex\"><\/figure>\n","protected":false},"excerpt":{"rendered":"<p>Grupo Plana, formado por BusPlana y BusGarraf, cierra este 2024 con un nuevo paso adelante hacia la movilidad sostenible: adquiriendo 45 autocares con la etiqueta ambiental ECO, un distintivo otorgado por la DGT para identificar los veh\u00edculos con menores emisiones al medio ambiente. Servicios sostenibles para la Costa Dorada y el Garraf Casi cuarenta de [&hellip;]<\/p>\n","protected":false},"author":4,"featured_media":9921,"comment_status":"closed","ping_status":"open","sticky":false,"template":"","format":"standard","meta":{"_et_pb_use_builder":"off","_et_pb_old_content":"","_et_gb_content_width":"","footnotes":""},"categories":[4],"tags":[107,100,82,90,106,98],"_links":{"self":[{"href":"https:\/\/busgarraf.cat\/es\/wp-json\/wp\/v2\/posts\/9920"}],"collection":[{"href":"https:\/\/busgarraf.cat\/es\/wp-json\/wp\/v2\/posts"}],"about":[{"href":"https:\/\/busgarraf.cat\/es\/wp-json\/wp\/v2\/types\/post"}],"author":[{"embeddable":true,"href":"https:\/\/busgarraf.cat\/es\/wp-json\/wp\/v2\/users\/4"}],"replies":[{"embeddable":true,"href":"https:\/\/busgarraf.cat\/es\/wp-json\/wp\/v2\/comments?post=9920"}],"version-history":[{"count":3,"href":"https:\/\/busgarraf.cat\/es\/wp-json\/wp\/v2\/posts\/9920\/revisions"}],"predecessor-version":[{"id":9999,"href":"https:\/\/busgarraf.cat\/es\/wp-json\/wp\/v2\/posts\/9920\/revisions\/9999"}],"wp:featuredmedia":[{"embeddable":true,"href":"https:\/\/busgarraf.cat\/es\/wp-json\/wp\/v2\/media\/9921"}],"wp:attachment":[{"href":"https:\/\/busgarraf.cat\/es\/wp-json\/wp\/v2\/media?parent=9920"}],"wp:term":[{"taxonomy":"category","embeddable":true,"href":"https:\/\/busgarraf.cat\/es\/wp-json\/wp\/v2\/categories?post=9920"},{"taxonomy":"post_tag","embeddable":true,"href":"https:\/\/busgarraf.cat\/es\/wp-json\/wp\/v2\/tags?post=9920"}],"curies":[{"name":"wp","href":"https:\/\/api.w.org\/{rel}","templated":true}]}}